{"id":12360,"date":"2019-11-26T20:58:59","date_gmt":"2019-11-26T20:58:59","guid":{"rendered":"https:\/\/jorgezanoni.com.br\/2019\/?p=12360"},"modified":"2019-11-26T20:58:59","modified_gmt":"2019-11-26T20:58:59","slug":"projeto-cancoes-do-anglo-cid-promove-recital","status":"publish","type":"post","link":"https:\/\/jorgezanoni.com.br\/2019\/projeto-cancoes-do-anglo-cid-promove-recital\/","title":{"rendered":"Projeto Can\u00e7\u00f5es do Anglo-CID promove recital"},"content":{"rendered":"<p style=\"font-weight: 400; text-align: justify;\">Com um repert\u00f3rio diversificado e muito emocionante, o Col\u00e9gio Anglo-CID abrilhantou a noite de 22 de novembro com o III Recital do Projeto Can\u00e7\u00f5es, no Audit\u00f3rio \u201cProf. Geraldo Mariano Alves\u201d, na Fundec. Pais, familiares, alunos, professores e colaboradores da escola puderam contemplar as apresenta\u00e7\u00f5es musicais dos alunos do 1\u00ba ao 9\u00ba ano, sob a coordena\u00e7\u00e3o da professora Fl\u00e1via Ara\u00fajo.<br \/>\nO Projeto Can\u00e7\u00f5es oferece aos alunos aulas de instrumentos musicais como viol\u00e3o, violino, teclado, saxofone, bateria, percuss\u00e3o e canto coral. As aulas s\u00e3o ministradas pelas professoras Fl\u00e1via Ara\u00fajo e Jaqueline Brito, e pelo aluno estagi\u00e1rio Jos\u00e9 Henrique Ara\u00fajo.<br \/>\nIntroduzir a musicalidade na escola contribui para o desenvolvimento intelectual e social das crian\u00e7as. \u201cA m\u00fasica auxilia na autodisciplina, paci\u00eancia, fortalece a mem\u00f3ria, melhora a concentra\u00e7\u00e3o e aten\u00e7\u00e3o, diminui o estresse, promove o autoconhecimento, melhora a sensibilidade e ajuda a criar v\u00ednculos\u201d, \u00a0destacou a professora.<br \/>\nA m\u00fasica contribui ainda para o desenvolvimento de habilidades musicais e cognitivas.<br \/>\n\u201cEm destaque, podemos dizer que o primeiro h\u00e1bito do L\u00edder em Mim &#8211; seja proativo &#8211; est\u00e1 presente em todas as aulas do Can\u00e7\u00f5es, em atitudes de lideran\u00e7a, responsabilidade e iniciativa\u201d, destacou Fl\u00e1via Ara\u00fajo. \u201cPercebi iniciativas dos alunos em rela\u00e7\u00e3o \u00e0s aulas e \u00e0 ajuda oferecida por eles aos alunos iniciantes, o que mostra evolu\u00e7\u00f5es pessoais com as aulas e com a aplica\u00e7\u00e3o do L\u00edder em Mim\u201d, finalizou.<\/p>\n<p><img loading=\"lazy\" decoding=\"async\" class=\"alignnone size-full wp-image-12363\" src=\"https:\/\/jorgezanoni.com.br\/2019\/wp-content\/uploads\/2019\/11\/recita1.jpg\" alt=\"\" width=\"900\" height=\"600\" srcset=\"https:\/\/jorgezanoni.com.br\/2019\/wp-content\/uploads\/2019\/11\/recita1.jpg 900w, https:\/\/jorgezanoni.com.br\/2019\/wp-content\/uploads\/2019\/11\/recita1-300x200.jpg 300w, https:\/\/jorgezanoni.com.br\/2019\/wp-content\/uploads\/2019\/11\/recita1-768x512.jpg 768w, https:\/\/jorgezanoni.com.br\/2019\/wp-content\/uploads\/2019\/11\/recita1-696x464.jpg 696w, https:\/\/jorgezanoni.com.br\/2019\/wp-content\/uploads\/2019\/11\/recita1-630x420.jpg 630w\" sizes=\"auto, (max-width: 900px) 100vw, 900px\" \/> <img loading=\"lazy\" decoding=\"async\" class=\"alignnone size-full wp-image-12364\" src=\"https:\/\/jorgezanoni.com.br\/2019\/wp-content\/uploads\/2019\/11\/recita2.jpg\" alt=\"\" width=\"900\" height=\"600\" srcset=\"https:\/\/jorgezanoni.com.br\/2019\/wp-content\/uploads\/2019\/11\/recita2.jpg 900w, https:\/\/jorgezanoni.com.br\/2019\/wp-content\/uploads\/2019\/11\/recita2-300x200.jpg 300w, https:\/\/jorgezanoni.com.br\/2019\/wp-content\/uploads\/2019\/11\/recita2-768x512.jpg 768w, https:\/\/jorgezanoni.com.br\/2019\/wp-content\/uploads\/2019\/11\/recita2-696x464.jpg 696w, https:\/\/jorgezanoni.com.br\/2019\/wp-content\/uploads\/2019\/11\/recita2-630x420.jpg 630w\" sizes=\"auto, (max-width: 900px) 100vw, 900px\" \/><\/p>\n<p style=\"font-weight: 400;\">Carolina Colnago<\/p>\n<p style=\"font-weight: 400;\">Assessora de Comunica\u00e7\u00e3o da Fundec &#8211; Jornalista<\/p>\n","protected":false},"excerpt":{"rendered":"<p>Com um repert\u00f3rio diversificado e muito emocionante, o Col\u00e9gio Anglo-CID abrilhantou a noite de 22 de novembro com o III Recital do Projeto Can\u00e7\u00f5es, no Audit\u00f3rio \u201cProf. Geraldo Mariano Alves\u201d, na Fundec. Pais, familiares, alunos, professores e colaboradores da escola puderam contemplar as apresenta\u00e7\u00f5es musicais dos alunos do 1\u00ba ao 9\u00ba ano, sob a coordena\u00e7\u00e3o [&hellip;]<\/p>\n","protected":false},"author":1,"featured_media":12365,"comment_status":"closed","ping_status":"open","sticky":false,"template":"","format":"standard","meta":{"footnotes":""},"categories":[122],"tags":[],"class_list":["post-12360","post","type-post","status-publish","format-standard","has-post-thumbnail","hentry","category-saudeeducacaoeconcurso"],"_links":{"self":[{"href":"https:\/\/jorgezanoni.com.br\/2019\/wp-json\/wp\/v2\/posts\/12360","targetHints":{"allow":["GET"]}}],"collection":[{"href":"https:\/\/jorgezanoni.com.br\/2019\/wp-json\/wp\/v2\/posts"}],"about":[{"href":"https:\/\/jorgezanoni.com.br\/2019\/wp-json\/wp\/v2\/types\/post"}],"author":[{"embeddable":true,"href":"https:\/\/jorgezanoni.com.br\/2019\/wp-json\/wp\/v2\/users\/1"}],"replies":[{"embeddable":true,"href":"https:\/\/jorgezanoni.com.br\/2019\/wp-json\/wp\/v2\/comments?post=12360"}],"version-history":[{"count":0,"href":"https:\/\/jorgezanoni.com.br\/2019\/wp-json\/wp\/v2\/posts\/12360\/revisions"}],"wp:featuredmedia":[{"embeddable":true,"href":"https:\/\/jorgezanoni.com.br\/2019\/wp-json\/wp\/v2\/media\/12365"}],"wp:attachment":[{"href":"https:\/\/jorgezanoni.com.br\/2019\/wp-json\/wp\/v2\/media?parent=12360"}],"wp:term":[{"taxonomy":"category","embeddable":true,"href":"https:\/\/jorgezanoni.com.br\/2019\/wp-json\/wp\/v2\/categories?post=12360"},{"taxonomy":"post_tag","embeddable":true,"href":"https:\/\/jorgezanoni.com.br\/2019\/wp-json\/wp\/v2\/tags?post=12360"}],"curies":[{"name":"wp","href":"https:\/\/api.w.org\/{rel}","templated":true}]}}