{"id":12280,"date":"2019-11-26T12:37:39","date_gmt":"2019-11-26T12:37:39","guid":{"rendered":"https:\/\/jorgezanoni.com.br\/2019\/?p=12280"},"modified":"2019-11-26T12:37:39","modified_gmt":"2019-11-26T12:37:39","slug":"acidente-em-avenida-foi-registrado-na-manha-desta-terca-feira","status":"publish","type":"post","link":"https:\/\/jorgezanoni.com.br\/2019\/acidente-em-avenida-foi-registrado-na-manha-desta-terca-feira\/","title":{"rendered":"Acidente em avenida foi registrado na manh\u00e3 desta ter\u00e7a-feira"},"content":{"rendered":"<p style=\"text-align: justify;\">Por volta de 08:15 Horas desta ter\u00e7a-feira (26), a Pol\u00edcia Militar registrou um acidente de tr\u00e2nsito na esquina da avenida Presidente Roosevelt com a rua Visconde do Rio Branco.<\/p>\n<p style=\"text-align: justify;\">Segundo informa\u00e7\u00f5es obtidas pela reportagem do Site JZ um ve\u00edculo placas de Dracena conduzido por um homem, subia a Visconde e quando foi adentrar a avenida, n\u00e3o observou que uma mulher com uma moto placa de Dracena estava cruzando a mesma avenida, onde ocorreu a colis\u00e3o.<\/p>\n<p style=\"text-align: justify;\">A condutora da Motocicleta foi conduzida ao Pronto Atendimento Municipal por uma Unidade de Resgate do Corpo de Bombeiros com ferimentos aparentemente leves. A Pol\u00edcia T\u00e9cnica esteve no local para apurar os fatos.<\/p>\n<p><img loading=\"lazy\" decoding=\"async\" class=\"alignnone size-full wp-image-12282\" src=\"https:\/\/jorgezanoni.com.br\/2019\/wp-content\/uploads\/2019\/11\/acid1-2.jpg\" alt=\"\" width=\"575\" height=\"788\" srcset=\"https:\/\/jorgezanoni.com.br\/2019\/wp-content\/uploads\/2019\/11\/acid1-2.jpg 575w, https:\/\/jorgezanoni.com.br\/2019\/wp-content\/uploads\/2019\/11\/acid1-2-219x300.jpg 219w, https:\/\/jorgezanoni.com.br\/2019\/wp-content\/uploads\/2019\/11\/acid1-2-306x420.jpg 306w\" sizes=\"auto, (max-width: 575px) 100vw, 575px\" \/> <img loading=\"lazy\" decoding=\"async\" class=\"alignnone size-full wp-image-12283\" src=\"https:\/\/jorgezanoni.com.br\/2019\/wp-content\/uploads\/2019\/11\/acid2-2.jpg\" alt=\"\" width=\"550\" height=\"651\" srcset=\"https:\/\/jorgezanoni.com.br\/2019\/wp-content\/uploads\/2019\/11\/acid2-2.jpg 550w, https:\/\/jorgezanoni.com.br\/2019\/wp-content\/uploads\/2019\/11\/acid2-2-253x300.jpg 253w, https:\/\/jorgezanoni.com.br\/2019\/wp-content\/uploads\/2019\/11\/acid2-2-355x420.jpg 355w\" sizes=\"auto, (max-width: 550px) 100vw, 550px\" \/> <img loading=\"lazy\" decoding=\"async\" class=\"alignnone size-full wp-image-12284\" src=\"https:\/\/jorgezanoni.com.br\/2019\/wp-content\/uploads\/2019\/11\/acid2-1.jpg\" alt=\"\" width=\"584\" height=\"1040\" srcset=\"https:\/\/jorgezanoni.com.br\/2019\/wp-content\/uploads\/2019\/11\/acid2-1.jpg 584w, https:\/\/jorgezanoni.com.br\/2019\/wp-content\/uploads\/2019\/11\/acid2-1-168x300.jpg 168w, https:\/\/jorgezanoni.com.br\/2019\/wp-content\/uploads\/2019\/11\/acid2-1-575x1024.jpg 575w, https:\/\/jorgezanoni.com.br\/2019\/wp-content\/uploads\/2019\/11\/acid2-1-236x420.jpg 236w\" sizes=\"auto, (max-width: 584px) 100vw, 584px\" \/> <img loading=\"lazy\" decoding=\"async\" class=\"alignnone size-full wp-image-12285\" src=\"https:\/\/jorgezanoni.com.br\/2019\/wp-content\/uploads\/2019\/11\/acid3-2.jpg\" alt=\"\" width=\"1040\" height=\"584\" srcset=\"https:\/\/jorgezanoni.com.br\/2019\/wp-content\/uploads\/2019\/11\/acid3-2.jpg 1040w, https:\/\/jorgezanoni.com.br\/2019\/wp-content\/uploads\/2019\/11\/acid3-2-300x168.jpg 300w, https:\/\/jorgezanoni.com.br\/2019\/wp-content\/uploads\/2019\/11\/acid3-2-768x431.jpg 768w, https:\/\/jorgezanoni.com.br\/2019\/wp-content\/uploads\/2019\/11\/acid3-2-1024x575.jpg 1024w, https:\/\/jorgezanoni.com.br\/2019\/wp-content\/uploads\/2019\/11\/acid3-2-696x391.jpg 696w, https:\/\/jorgezanoni.com.br\/2019\/wp-content\/uploads\/2019\/11\/acid3-2-748x420.jpg 748w\" sizes=\"auto, (max-width: 1040px) 100vw, 1040px\" \/> <img loading=\"lazy\" decoding=\"async\" class=\"alignnone size-full wp-image-12286\" src=\"https:\/\/jorgezanoni.com.br\/2019\/wp-content\/uploads\/2019\/11\/acid4-1.jpg\" alt=\"\" width=\"1040\" height=\"584\" srcset=\"https:\/\/jorgezanoni.com.br\/2019\/wp-content\/uploads\/2019\/11\/acid4-1.jpg 1040w, https:\/\/jorgezanoni.com.br\/2019\/wp-content\/uploads\/2019\/11\/acid4-1-300x168.jpg 300w, https:\/\/jorgezanoni.com.br\/2019\/wp-content\/uploads\/2019\/11\/acid4-1-768x431.jpg 768w, https:\/\/jorgezanoni.com.br\/2019\/wp-content\/uploads\/2019\/11\/acid4-1-1024x575.jpg 1024w, https:\/\/jorgezanoni.com.br\/2019\/wp-content\/uploads\/2019\/11\/acid4-1-696x391.jpg 696w, https:\/\/jorgezanoni.com.br\/2019\/wp-content\/uploads\/2019\/11\/acid4-1-748x420.jpg 748w\" sizes=\"auto, (max-width: 1040px) 100vw, 1040px\" \/> <img loading=\"lazy\" decoding=\"async\" class=\"alignnone size-full wp-image-12287\" src=\"https:\/\/jorgezanoni.com.br\/2019\/wp-content\/uploads\/2019\/11\/acid5-1.jpg\" alt=\"\" width=\"1040\" height=\"584\" srcset=\"https:\/\/jorgezanoni.com.br\/2019\/wp-content\/uploads\/2019\/11\/acid5-1.jpg 1040w, https:\/\/jorgezanoni.com.br\/2019\/wp-content\/uploads\/2019\/11\/acid5-1-300x168.jpg 300w, https:\/\/jorgezanoni.com.br\/2019\/wp-content\/uploads\/2019\/11\/acid5-1-768x431.jpg 768w, https:\/\/jorgezanoni.com.br\/2019\/wp-content\/uploads\/2019\/11\/acid5-1-1024x575.jpg 1024w, https:\/\/jorgezanoni.com.br\/2019\/wp-content\/uploads\/2019\/11\/acid5-1-696x391.jpg 696w, https:\/\/jorgezanoni.com.br\/2019\/wp-content\/uploads\/2019\/11\/acid5-1-748x420.jpg 748w\" sizes=\"auto, (max-width: 1040px) 100vw, 1040px\" \/><\/p>\n<p style=\"text-align: justify;\">Jorge Zanoni<\/p>\n<p style=\"text-align: justify;\">Fotos de Internauta<\/p>\n<p style=\"text-align: justify;\">\n<p>&nbsp;<\/p>\n<p>&nbsp;<\/p>\n","protected":false},"excerpt":{"rendered":"<p>Por volta de 08:15 Horas desta ter\u00e7a-feira (26), a Pol\u00edcia Militar registrou um acidente de tr\u00e2nsito na esquina da avenida Presidente Roosevelt com a rua Visconde do Rio Branco. Segundo informa\u00e7\u00f5es obtidas pela reportagem do Site JZ um ve\u00edculo placas de Dracena conduzido por um homem, subia a Visconde e quando foi adentrar a avenida, [&hellip;]<\/p>\n","protected":false},"author":1,"featured_media":12281,"comment_status":"closed","ping_status":"open","sticky":false,"template":"","format":"standard","meta":{"footnotes":""},"categories":[170,110],"tags":[],"class_list":["post-12280","post","type-post","status-publish","format-standard","has-post-thumbnail","hentry","category-acidentes","category-noticiasdestaque"],"_links":{"self":[{"href":"https:\/\/jorgezanoni.com.br\/2019\/wp-json\/wp\/v2\/posts\/12280","targetHints":{"allow":["GET"]}}],"collection":[{"href":"https:\/\/jorgezanoni.com.br\/2019\/wp-json\/wp\/v2\/posts"}],"about":[{"href":"https:\/\/jorgezanoni.com.br\/2019\/wp-json\/wp\/v2\/types\/post"}],"author":[{"embeddable":true,"href":"https:\/\/jorgezanoni.com.br\/2019\/wp-json\/wp\/v2\/users\/1"}],"replies":[{"embeddable":true,"href":"https:\/\/jorgezanoni.com.br\/2019\/wp-json\/wp\/v2\/comments?post=12280"}],"version-history":[{"count":0,"href":"https:\/\/jorgezanoni.com.br\/2019\/wp-json\/wp\/v2\/posts\/12280\/revisions"}],"wp:featuredmedia":[{"embeddable":true,"href":"https:\/\/jorgezanoni.com.br\/2019\/wp-json\/wp\/v2\/media\/12281"}],"wp:attachment":[{"href":"https:\/\/jorgezanoni.com.br\/2019\/wp-json\/wp\/v2\/media?parent=12280"}],"wp:term":[{"taxonomy":"category","embeddable":true,"href":"https:\/\/jorgezanoni.com.br\/2019\/wp-json\/wp\/v2\/categories?post=12280"},{"taxonomy":"post_tag","embeddable":true,"href":"https:\/\/jorgezanoni.com.br\/2019\/wp-json\/wp\/v2\/tags?post=12280"}],"curies":[{"name":"wp","href":"https:\/\/api.w.org\/{rel}","templated":true}]}}