{"id":12263,"date":"2019-11-26T00:55:39","date_gmt":"2019-11-26T00:55:39","guid":{"rendered":"https:\/\/jorgezanoni.com.br\/2019\/?p=12263"},"modified":"2019-11-26T00:55:39","modified_gmt":"2019-11-26T00:55:39","slug":"policia-civil-investiga-denuncia-de-estupro-de-crianca-por-primo-em-valparaiso","status":"publish","type":"post","link":"https:\/\/jorgezanoni.com.br\/2019\/policia-civil-investiga-denuncia-de-estupro-de-crianca-por-primo-em-valparaiso\/","title":{"rendered":"Pol\u00edcia Civil investiga den\u00fancia de estupro de crian\u00e7a por primo em Valpara\u00edso"},"content":{"rendered":"<h2 class=\"content-head__subtitle\" style=\"text-align: justify;\"><strong>M\u00e3e desconfiou do abuso ao dar banho na menina e perceber que a parte \u00edntima estava vermelha e dolorida.<\/strong><\/h2>\n<div class=\"mc-column content-text active-extra-styles active-capital-letter\" data-block-type=\"unstyled\" data-block-weight=\"31\" data-block-id=\"1\">\n<p class=\"content-text__container theme-color-primary-first-letter\" style=\"text-align: justify;\" data-track-category=\"Link no Texto\" data-track-links=\"\">A Pol\u00edcia Civil vai abrir um inqu\u00e9rito para investigar uma den\u00fancia de estupro a uma crian\u00e7a de 4 anos que teria sido cometido pelo primo dela, um adolescente de 14 anos.<\/p>\n<\/div>\n<div class=\"wall protected-content\">\n<div class=\"mc-column content-text active-extra-styles \" style=\"text-align: justify;\" data-block-type=\"unstyled\" data-block-weight=\"22\" data-block-id=\"2\">\n<p class=\"content-text__container \" data-track-category=\"Link no Texto\" data-track-links=\"\">De acordo com a pol\u00edcia, o crime teria ocorrido no s\u00e1bado (23) \u00e0 noite, em Valpara\u00edso (SP), durante uma festa de fam\u00edlia.<\/p>\n<\/div>\n<div class=\"mc-column content-text active-extra-styles \" style=\"text-align: justify;\" data-block-type=\"unstyled\" data-block-weight=\"29\" data-block-id=\"3\">\n<p class=\"content-text__container \" data-track-category=\"Link no Texto\" data-track-links=\"\">A m\u00e3e da crian\u00e7a disse \u00e0 pol\u00edcia que foi dar banho na filha depois da festa e viu que a parte \u00edntima da menina estava bem vermelha e dolorida.<\/p>\n<\/div>\n<div class=\"mc-column content-text active-extra-styles \" style=\"text-align: justify;\" data-block-type=\"unstyled\" data-block-weight=\"37\" data-block-id=\"4\">\n<p class=\"content-text__container \" data-track-category=\"Link no Texto\" data-track-links=\"\">A mulher perguntou para a crian\u00e7a se tinha acontecido alguma coisa e a filha contou para ela que o primo, durante uma brincadeira, tinha tirado o short e a calcinha dela e teria ficado em cima dela.<\/p>\n<\/div>\n<div class=\"mc-column content-text active-extra-styles \" data-block-type=\"unstyled\" data-block-weight=\"33\" data-block-id=\"5\">\n<p class=\"content-text__container \" style=\"text-align: justify;\" data-track-category=\"Link no Texto\" data-track-links=\"\">Os pais da crian\u00e7a a levaram para um hospital particular de Ara\u00e7atuba (SP). A menina foi examinada e o m\u00e9dico constatou uma tentativa de penetra\u00e7\u00e3o. Depois disso o adolescente n\u00e3o foi mais encontrado.<\/p>\n<p style=\"text-align: justify;\" data-track-category=\"Link no Texto\" data-track-links=\"\">Fonte: G1<\/p>\n<p data-track-category=\"Link no Texto\" data-track-links=\"\">Imagem Ilustrativa<\/p>\n<\/div>\n<\/div>\n","protected":false},"excerpt":{"rendered":"<p>M\u00e3e desconfiou do abuso ao dar banho na menina e perceber que a parte \u00edntima estava vermelha e dolorida. A Pol\u00edcia Civil vai abrir um inqu\u00e9rito para investigar uma den\u00fancia de estupro a uma crian\u00e7a de 4 anos que teria sido cometido pelo primo dela, um adolescente de 14 anos. De acordo com a pol\u00edcia, [&hellip;]<\/p>\n","protected":false},"author":1,"featured_media":12264,"comment_status":"closed","ping_status":"open","sticky":false,"template":"","format":"standard","meta":{"footnotes":""},"categories":[110,2],"tags":[],"class_list":["post-12263","post","type-post","status-publish","format-standard","has-post-thumbnail","hentry","category-noticiasdestaque","category-policial"],"_links":{"self":[{"href":"https:\/\/jorgezanoni.com.br\/2019\/wp-json\/wp\/v2\/posts\/12263","targetHints":{"allow":["GET"]}}],"collection":[{"href":"https:\/\/jorgezanoni.com.br\/2019\/wp-json\/wp\/v2\/posts"}],"about":[{"href":"https:\/\/jorgezanoni.com.br\/2019\/wp-json\/wp\/v2\/types\/post"}],"author":[{"embeddable":true,"href":"https:\/\/jorgezanoni.com.br\/2019\/wp-json\/wp\/v2\/users\/1"}],"replies":[{"embeddable":true,"href":"https:\/\/jorgezanoni.com.br\/2019\/wp-json\/wp\/v2\/comments?post=12263"}],"version-history":[{"count":0,"href":"https:\/\/jorgezanoni.com.br\/2019\/wp-json\/wp\/v2\/posts\/12263\/revisions"}],"wp:featuredmedia":[{"embeddable":true,"href":"https:\/\/jorgezanoni.com.br\/2019\/wp-json\/wp\/v2\/media\/12264"}],"wp:attachment":[{"href":"https:\/\/jorgezanoni.com.br\/2019\/wp-json\/wp\/v2\/media?parent=12263"}],"wp:term":[{"taxonomy":"category","embeddable":true,"href":"https:\/\/jorgezanoni.com.br\/2019\/wp-json\/wp\/v2\/categories?post=12263"},{"taxonomy":"post_tag","embeddable":true,"href":"https:\/\/jorgezanoni.com.br\/2019\/wp-json\/wp\/v2\/tags?post=12263"}],"curies":[{"name":"wp","href":"https:\/\/api.w.org\/{rel}","templated":true}]}}