{"id":12260,"date":"2019-11-26T00:42:49","date_gmt":"2019-11-26T00:42:49","guid":{"rendered":"https:\/\/jorgezanoni.com.br\/2019\/?p=12260"},"modified":"2019-11-26T00:44:37","modified_gmt":"2019-11-26T00:44:37","slug":"aviao-faz-pouso-forcado-em-area-rural-de-penapolis","status":"publish","type":"post","link":"https:\/\/jorgezanoni.com.br\/2019\/aviao-faz-pouso-forcado-em-area-rural-de-penapolis\/","title":{"rendered":"Avi\u00e3o faz pouso for\u00e7ado em \u00e1rea rural de Pen\u00e1polis"},"content":{"rendered":"<h2 class=\"content-head__subtitle\" style=\"text-align: justify;\"><strong>De acordo com os bombeiros, o piloto foi levado para um hospital em Pen\u00e1polis com ferimentos leves.<\/strong><\/h2>\n<div class=\"mc-column content-text active-extra-styles \" data-block-type=\"unstyled\" data-block-weight=\"33\" data-block-id=\"2\">\n<p class=\"content-text__container \" style=\"text-align: justify;\" data-track-category=\"Link no Texto\" data-track-links=\"\">Um avi\u00e3o monomotor fez um pouso for\u00e7ado na manh\u00e3 desta segunda-feira (25) em uma \u00e1rea rural de Pen\u00e1polis (SP). Na aeronave, segundo informa\u00e7\u00f5es dos bombeiros, estava apenas o piloto, de 61 anos.<\/p>\n<\/div>\n<div class=\"wall protected-content\">\n<div class=\"mc-column content-text active-extra-styles \" style=\"text-align: justify;\" data-block-type=\"unstyled\" data-block-weight=\"33\" data-block-id=\"3\">\n<p class=\"content-text__container \" data-track-category=\"Link no Texto\" data-track-links=\"\">De acordo com o Corpo de Bombeiros, o monomotor decolou do aeroporto de Pen\u00e1polis, mas fez o pouso for\u00e7ado minutos depois. A suspeita \u00e9 que tenha ocorrido uma pane el\u00e9trica na aeronave.<\/p>\n<\/div>\n<div class=\"mc-column content-text active-extra-styles \" data-block-type=\"unstyled\" data-block-weight=\"41\" data-block-id=\"4\">\n<p class=\"content-text__container \" style=\"text-align: justify;\" data-track-category=\"Link no Texto\" data-track-links=\"\">\u201cAs equipes de salvamento foram deslocadas at\u00e9 o local. A v\u00edtima estava fora da aeronave com cortes na face. A aeronave sofreu apenas pequenos danos materiais. N\u00e3o houve vazamento de combust\u00edvel\u201d, diz o sargento do Corpo de Bombeiros, Marcio Alexandre.<\/p>\n<div class=\"mc-column content-text active-extra-styles \" style=\"text-align: justify;\" data-block-type=\"unstyled\" data-block-weight=\"32\" data-block-id=\"6\">\n<p class=\"content-text__container \" data-track-category=\"Link no Texto\" data-track-links=\"\">O pouso for\u00e7ado aconteceu entre as cidades de Avanhandava (SP) e Pen\u00e1polis. Ainda n\u00e3o se sabe o que teria provocado o pouso, mas funcion\u00e1rios da For\u00e7a A\u00e9rea Brasileira (FAB) far\u00e1 uma investiga\u00e7\u00e3o.<\/p>\n<\/div>\n<div class=\"mc-column content-text active-extra-styles \" style=\"text-align: justify;\" data-block-type=\"unstyled\" data-block-weight=\"30\" data-block-id=\"7\">\n<p class=\"content-text__container \" data-track-category=\"Link no Texto\" data-track-links=\"\">\u201cNo caso de queda ou pouso for\u00e7ado, os oficiais da aeron\u00e1utica vir\u00e3o at\u00e9 o local para fazer as investiga\u00e7\u00f5es. N\u00e3o h\u00e1 conclus\u00e3o para elas serem finalizadas\u201d, afirma Marcio Alexandra.<\/p>\n<\/div>\n<div class=\"mc-column content-text active-extra-styles \" data-block-type=\"unstyled\" data-block-weight=\"34\" data-block-id=\"8\">\n<p class=\"content-text__container \" style=\"text-align: justify;\" data-track-category=\"Link no Texto\" data-track-links=\"\">De acordo com os bombeiros, o piloto foi levado para um hospital em Pen\u00e1polis com ferimentos leves. Em nota, a assessoria da unidade hospitalar informou que o estado de sa\u00fade dele \u00e9 est\u00e1vel.<\/p>\n<p style=\"text-align: justify;\" data-track-category=\"Link no Texto\" data-track-links=\"\">Fonte: G1<\/p>\n<\/div>\n<\/div>\n<\/div>\n","protected":false},"excerpt":{"rendered":"<p>De acordo com os bombeiros, o piloto foi levado para um hospital em Pen\u00e1polis com ferimentos leves. Um avi\u00e3o monomotor fez um pouso for\u00e7ado na manh\u00e3 desta segunda-feira (25) em uma \u00e1rea rural de Pen\u00e1polis (SP). Na aeronave, segundo informa\u00e7\u00f5es dos bombeiros, estava apenas o piloto, de 61 anos. De acordo com o Corpo de [&hellip;]<\/p>\n","protected":false},"author":1,"featured_media":12261,"comment_status":"closed","ping_status":"open","sticky":false,"template":"","format":"standard","meta":{"footnotes":""},"categories":[170,110],"tags":[],"class_list":["post-12260","post","type-post","status-publish","format-standard","has-post-thumbnail","hentry","category-acidentes","category-noticiasdestaque"],"_links":{"self":[{"href":"https:\/\/jorgezanoni.com.br\/2019\/wp-json\/wp\/v2\/posts\/12260","targetHints":{"allow":["GET"]}}],"collection":[{"href":"https:\/\/jorgezanoni.com.br\/2019\/wp-json\/wp\/v2\/posts"}],"about":[{"href":"https:\/\/jorgezanoni.com.br\/2019\/wp-json\/wp\/v2\/types\/post"}],"author":[{"embeddable":true,"href":"https:\/\/jorgezanoni.com.br\/2019\/wp-json\/wp\/v2\/users\/1"}],"replies":[{"embeddable":true,"href":"https:\/\/jorgezanoni.com.br\/2019\/wp-json\/wp\/v2\/comments?post=12260"}],"version-history":[{"count":0,"href":"https:\/\/jorgezanoni.com.br\/2019\/wp-json\/wp\/v2\/posts\/12260\/revisions"}],"wp:featuredmedia":[{"embeddable":true,"href":"https:\/\/jorgezanoni.com.br\/2019\/wp-json\/wp\/v2\/media\/12261"}],"wp:attachment":[{"href":"https:\/\/jorgezanoni.com.br\/2019\/wp-json\/wp\/v2\/media?parent=12260"}],"wp:term":[{"taxonomy":"category","embeddable":true,"href":"https:\/\/jorgezanoni.com.br\/2019\/wp-json\/wp\/v2\/categories?post=12260"},{"taxonomy":"post_tag","embeddable":true,"href":"https:\/\/jorgezanoni.com.br\/2019\/wp-json\/wp\/v2\/tags?post=12260"}],"curies":[{"name":"wp","href":"https:\/\/api.w.org\/{rel}","templated":true}]}}