{"id":12255,"date":"2019-11-26T00:23:23","date_gmt":"2019-11-26T00:23:23","guid":{"rendered":"https:\/\/jorgezanoni.com.br\/2019\/?p=12255"},"modified":"2019-11-26T00:23:23","modified_gmt":"2019-11-26T00:23:23","slug":"filhote-de-cachorro-flagrado-com-oculos-de-sol-em-garupa-de-moto-viraliza-nas-redes-sociais","status":"publish","type":"post","link":"https:\/\/jorgezanoni.com.br\/2019\/filhote-de-cachorro-flagrado-com-oculos-de-sol-em-garupa-de-moto-viraliza-nas-redes-sociais\/","title":{"rendered":"Filhote de cachorro flagrado com \u00f3culos de sol em garupa de moto viraliza nas redes sociais"},"content":{"rendered":"<h2 class=\"content-head__subtitle\" style=\"text-align: justify;\">V\u00e1rios moradores registraram a cena curiosa em ruas e avenidas de S\u00e3o Jos\u00e9 do Rio Preto (SP).<\/h2>\n<div class=\"mc-column content-text active-extra-styles \" data-block-type=\"unstyled\" data-block-weight=\"38\" data-block-id=\"2\">\n<p class=\"content-text__container \" style=\"text-align: justify;\" data-track-category=\"Link no Texto\" data-track-links=\"\">Imagens de um filhote de cachorro com \u00f3culos de sol sendo transportado dentro de uma mochila na garupa de uma motocicleta viralizaram nas redes sociais e t\u00eam chamado a aten\u00e7\u00e3o em S\u00e3o Jos\u00e9 do Rio Preto (SP).<\/p>\n<\/div>\n<div class=\"wall protected-content\">\n<div class=\"mc-column content-text active-extra-styles \" style=\"text-align: justify;\" data-block-type=\"unstyled\" data-block-weight=\"39\" data-block-id=\"3\">\n<p class=\"content-text__container \" data-track-category=\"Link no Texto\" data-track-links=\"\">A cena curiosa foi registrada por diversos moradores em ruas e avenidas. Em uma das fotos, o animal aparece at\u00e9 com um gorrinho de Papai Noel. Mas at\u00e9 agora, ningu\u00e9m sabe quem \u00e9 o motorista que carrega o animalzinho.<\/p>\n<\/div>\n<div class=\"mc-column content-text active-extra-styles \" data-block-type=\"unstyled\" data-block-weight=\"41\" data-block-id=\"4\">\n<p class=\"content-text__container \" style=\"text-align: justify;\" data-track-category=\"Link no Texto\" data-track-links=\"\">A enfermeira Soraya Zerati Pequito, de 50 anos, foi uma pessoas que conseguiram fazer o registro. Ela afirma que trafegava pela Rua General Glic\u00e9rio, regi\u00e3o central do munic\u00edpio, quando viu o c\u00e3o confortavelmente acomodado e olhando o movimento dos ve\u00edculos.<\/p>\n<p data-track-category=\"Link no Texto\" data-track-links=\"\"><img loading=\"lazy\" decoding=\"async\" class=\"alignnone size-full wp-image-12257\" src=\"https:\/\/jorgezanoni.com.br\/2019\/wp-content\/uploads\/2019\/11\/cachorro1.jpeg\" alt=\"\" width=\"900\" height=\"1016\" srcset=\"https:\/\/jorgezanoni.com.br\/2019\/wp-content\/uploads\/2019\/11\/cachorro1.jpeg 900w, https:\/\/jorgezanoni.com.br\/2019\/wp-content\/uploads\/2019\/11\/cachorro1-266x300.jpeg 266w, https:\/\/jorgezanoni.com.br\/2019\/wp-content\/uploads\/2019\/11\/cachorro1-768x867.jpeg 768w, https:\/\/jorgezanoni.com.br\/2019\/wp-content\/uploads\/2019\/11\/cachorro1-696x786.jpeg 696w, https:\/\/jorgezanoni.com.br\/2019\/wp-content\/uploads\/2019\/11\/cachorro1-372x420.jpeg 372w\" sizes=\"auto, (max-width: 900px) 100vw, 900px\" \/><\/p>\n<div class=\"row medium-uncollapsed content-media content-photo\" data-block-type=\"backstage-photo\" data-block-id=\"6\">\n<div class=\"mc-column content-media__container\">\n<p class=\"content-media__description \" style=\"text-align: justify;\">Filhote de cachorro \u00e9 transportado em mochila na garupa de moto em Rio Preto \u2014 Foto: Divulga\u00e7\u00e3o\/Soraya Pequito<\/p>\n<p class=\"content-media__description \" style=\"text-align: justify;\"><span style=\"font-style: italic; text-align: center;\">\u201cEu peguei o celular e resolvi fotografar, pois achei a coisa mais linda do mundo. O cachorro estava super estiloso e fazendo a maior pose em cima da moto. Ele aparentou estar confort\u00e1vel e adorando o passeio\u201d, brinca a enfermeira.<\/span><\/p>\n<\/div>\n<\/div>\n<div class=\"mc-column content-text active-extra-styles \" style=\"text-align: justify;\" data-block-type=\"unstyled\" data-block-weight=\"22\" data-block-id=\"8\">\n<p class=\"content-text__container \" data-track-category=\"Link no Texto\" data-track-links=\"\">Soraya diz que nunca havia visto um cachorro sendo transportado dessa maneira, mas que achou a atitude do motociclista muito bacana.<\/p>\n<\/div>\n<div class=\"mc-column content-text active-extra-styles \" data-block-type=\"unstyled\" data-block-weight=\"45\" data-block-id=\"9\">\n<p class=\"content-text__container \" style=\"text-align: justify;\" data-track-category=\"Link no Texto\" data-track-links=\"\">\u201cSe eu pudesse, eu teria ido atr\u00e1s para conversar com ele, mas n\u00e3o fiz para n\u00e3o assustar o cachorrinho. Eu realmente amei a atitude do dono. Somente quem tem um pet sabe como \u00e9 ter amor e querer lev\u00e1-lo para todo lado\u201d, afirma a enfermeira.<\/p>\n<p style=\"text-align: justify;\" data-track-category=\"Link no Texto\" data-track-links=\"\">Fonte: https:\/\/g1.globo.com\/sp\/sao-jose-do-rio-preto-aracatuba\/noticia\/2019\/11\/25\/imagem-de-filhote-de-cachorro-com-oculos-de-sol-em-garupa-de-moto-viraliza-nas-redes-sociais-video.ghtml<\/p>\n<p class=\"content-text__container \" style=\"text-align: justify;\" data-track-category=\"Link no Texto\" data-track-links=\"\">\n<div class=\"row medium-uncollapsed content-media content-photo\" data-block-type=\"backstage-photo\" data-block-id=\"6\">\n<div class=\"mc-column content-media__container\"><\/div>\n<\/div>\n<\/div>\n<p data-track-category=\"Link no Texto\" data-track-links=\"\">\n<\/div>\n<\/div>\n","protected":false},"excerpt":{"rendered":"<p>V\u00e1rios moradores registraram a cena curiosa em ruas e avenidas de S\u00e3o Jos\u00e9 do Rio Preto (SP). Imagens de um filhote de cachorro com \u00f3culos de sol sendo transportado dentro de uma mochila na garupa de uma motocicleta viralizaram nas redes sociais e t\u00eam chamado a aten\u00e7\u00e3o em S\u00e3o Jos\u00e9 do Rio Preto (SP). A [&hellip;]<\/p>\n","protected":false},"author":1,"featured_media":12258,"comment_status":"closed","ping_status":"open","sticky":false,"template":"","format":"standard","meta":{"footnotes":""},"categories":[180,110],"tags":[],"class_list":["post-12255","post","type-post","status-publish","format-standard","has-post-thumbnail","hentry","category-estradastransitoveiculos","category-noticiasdestaque"],"_links":{"self":[{"href":"https:\/\/jorgezanoni.com.br\/2019\/wp-json\/wp\/v2\/posts\/12255","targetHints":{"allow":["GET"]}}],"collection":[{"href":"https:\/\/jorgezanoni.com.br\/2019\/wp-json\/wp\/v2\/posts"}],"about":[{"href":"https:\/\/jorgezanoni.com.br\/2019\/wp-json\/wp\/v2\/types\/post"}],"author":[{"embeddable":true,"href":"https:\/\/jorgezanoni.com.br\/2019\/wp-json\/wp\/v2\/users\/1"}],"replies":[{"embeddable":true,"href":"https:\/\/jorgezanoni.com.br\/2019\/wp-json\/wp\/v2\/comments?post=12255"}],"version-history":[{"count":0,"href":"https:\/\/jorgezanoni.com.br\/2019\/wp-json\/wp\/v2\/posts\/12255\/revisions"}],"wp:featuredmedia":[{"embeddable":true,"href":"https:\/\/jorgezanoni.com.br\/2019\/wp-json\/wp\/v2\/media\/12258"}],"wp:attachment":[{"href":"https:\/\/jorgezanoni.com.br\/2019\/wp-json\/wp\/v2\/media?parent=12255"}],"wp:term":[{"taxonomy":"category","embeddable":true,"href":"https:\/\/jorgezanoni.com.br\/2019\/wp-json\/wp\/v2\/categories?post=12255"},{"taxonomy":"post_tag","embeddable":true,"href":"https:\/\/jorgezanoni.com.br\/2019\/wp-json\/wp\/v2\/tags?post=12255"}],"curies":[{"name":"wp","href":"https:\/\/api.w.org\/{rel}","templated":true}]}}