{"id":12251,"date":"2019-11-25T23:47:12","date_gmt":"2019-11-25T23:47:12","guid":{"rendered":"https:\/\/jorgezanoni.com.br\/2019\/?p=12251"},"modified":"2019-11-25T23:47:12","modified_gmt":"2019-11-25T23:47:12","slug":"motorista-e-resgatado-em-estado-grave-apos-carro-cair-em-lagoa-e-ficar-submerso-no-interior-de-sp","status":"publish","type":"post","link":"https:\/\/jorgezanoni.com.br\/2019\/motorista-e-resgatado-em-estado-grave-apos-carro-cair-em-lagoa-e-ficar-submerso-no-interior-de-sp\/","title":{"rendered":"Motorista \u00e9 resgatado em estado grave ap\u00f3s carro cair em lagoa e ficar submerso no interior de SP"},"content":{"rendered":"<h2 class=\"content-head__subtitle\" style=\"text-align: justify;\"><strong>Ve\u00edculo ocupado por quatro pessoas ficou dentro d\u2019\u00e1gua com as rodas para cima em regi\u00e3o de brejo de Cafel\u00e2ndia (SP). Motorista foi internado na UTI de hospital em Lins.<\/strong><\/h2>\n<div class=\"mc-column content-text active-extra-styles \" data-block-type=\"unstyled\" data-block-weight=\"45\" data-block-id=\"2\">\n<p class=\"content-text__container \" style=\"text-align: justify;\" data-track-category=\"Link no Texto\" data-track-links=\"\">Um carro com quatro ocupantes caiu dentro de em uma lagoa na tarde deste domingo (24) numa regi\u00e3o de brejo pr\u00f3xima ao bairro Cohab, em Cafel\u00e2ndia (SP). O ve\u00edculo ficou submerso, com as rodas para cima, e moradores que passaram pelo local ajudaram no resgate.<\/p>\n<\/div>\n<div class=\"wall protected-content\">\n<div class=\"mc-column content-text active-extra-styles \" style=\"text-align: justify;\" data-block-type=\"unstyled\" data-block-weight=\"43\" data-block-id=\"3\">\n<p class=\"content-text__container \" data-track-category=\"Link no Texto\" data-track-links=\"\">Pelo menos dois dos ocupantes do ve\u00edculo, uma mulher de 35 anos e uma crian\u00e7a de 8 anos, conseguiram sair sozinhos do carro submerso. Pessoas que passavam pelo local ajudaram no resgate de um homem de 36 anos e do motorista, de 52.<\/p>\n<\/div>\n<div class=\"mc-column content-text active-extra-styles \" data-block-type=\"unstyled\" data-block-weight=\"21\" data-block-id=\"4\">\n<p class=\"content-text__container \" style=\"text-align: justify;\" data-track-category=\"Link no Texto\" data-track-links=\"\">O motorista, ap\u00f3s ficar algum tempo debaixo d\u2019\u00e1gua, foi retirado do carro desacordado e levado pelos moradores ao Pronto-Socorro de Cafel\u00e2ndia.<\/p>\n<div class=\"mc-column content-text active-extra-styles \" style=\"text-align: justify;\" data-block-type=\"unstyled\" data-block-weight=\"42\" data-block-id=\"6\">\n<p class=\"content-text__container \" data-track-category=\"Link no Texto\" data-track-links=\"\">Por\u00e9m, devido ao grave estado de sa\u00fade, o homem foi transferido para hospital em Lins, onde foi internado na Unidade de Terapia Intensiva (UTI). At\u00e9 o in\u00edcio da tarde desta segunda-feira (25), o motorista seguia na UTI, em estado considerado grave.<\/p>\n<\/div>\n<div class=\"mc-column content-text active-extra-styles \" data-block-type=\"unstyled\" data-block-weight=\"58\" data-block-id=\"7\">\n<p class=\"content-text__container \" style=\"text-align: justify;\" data-track-category=\"Link no Texto\" data-track-links=\"\">O local onde aconteceu o acidente \u00e9 usado por moradores da regi\u00e3o desde que uma ponte que ligava a rodovia Marechal Rondon (SP-300) a bairros rurais caiu durante uma chuva em fevereiro de 2017. No in\u00edcio deste ano, a\u00a0<strong>TV TEM<\/strong>\u00a0mostrou a situa\u00e7\u00e3o dos\u00a0<a href=\"https:\/\/g1.globo.com\/sp\/bauru-marilia\/noticia\/2019\/02\/15\/moradores-estao-ha-dois-anos-sem-o-principal-acesso-aos-bairros-rurais-apos-queda-de-ponte-em-cafelandia.ghtml\">moradores que estavam sem o acesso \u00e0 rodovia h\u00e1 mais de dois anos<\/a>.<\/p>\n<p style=\"text-align: justify;\" data-track-category=\"Link no Texto\" data-track-links=\"\"><img loading=\"lazy\" decoding=\"async\" class=\"alignnone size-full wp-image-12252\" src=\"https:\/\/jorgezanoni.com.br\/2019\/wp-content\/uploads\/2019\/11\/lagoa1.jpg\" alt=\"\" width=\"1200\" height=\"900\" srcset=\"https:\/\/jorgezanoni.com.br\/2019\/wp-content\/uploads\/2019\/11\/lagoa1.jpg 1200w, https:\/\/jorgezanoni.com.br\/2019\/wp-content\/uploads\/2019\/11\/lagoa1-300x225.jpg 300w, https:\/\/jorgezanoni.com.br\/2019\/wp-content\/uploads\/2019\/11\/lagoa1-768x576.jpg 768w, https:\/\/jorgezanoni.com.br\/2019\/wp-content\/uploads\/2019\/11\/lagoa1-1024x768.jpg 1024w, https:\/\/jorgezanoni.com.br\/2019\/wp-content\/uploads\/2019\/11\/lagoa1-80x60.jpg 80w, https:\/\/jorgezanoni.com.br\/2019\/wp-content\/uploads\/2019\/11\/lagoa1-265x198.jpg 265w, https:\/\/jorgezanoni.com.br\/2019\/wp-content\/uploads\/2019\/11\/lagoa1-696x522.jpg 696w, https:\/\/jorgezanoni.com.br\/2019\/wp-content\/uploads\/2019\/11\/lagoa1-1068x801.jpg 1068w, https:\/\/jorgezanoni.com.br\/2019\/wp-content\/uploads\/2019\/11\/lagoa1-560x420.jpg 560w\" sizes=\"auto, (max-width: 1200px) 100vw, 1200px\" \/>Local do acidente \u00e9 usado por moradores h\u00e1 mais de dois anos ap\u00f3s queda de ponte que d\u00e1 acesso \u00e0 SP-300 \u2014 Foto: Diego George\/TV Web\/Divulga\u00e7\u00e3o<\/p>\n<p style=\"text-align: justify;\" data-track-category=\"Link no Texto\" data-track-links=\"\">Fonte: G1<\/p>\n<\/div>\n<\/div>\n<\/div>\n","protected":false},"excerpt":{"rendered":"<p>Ve\u00edculo ocupado por quatro pessoas ficou dentro d\u2019\u00e1gua com as rodas para cima em regi\u00e3o de brejo de Cafel\u00e2ndia (SP). Motorista foi internado na UTI de hospital em Lins. Um carro com quatro ocupantes caiu dentro de em uma lagoa na tarde deste domingo (24) numa regi\u00e3o de brejo pr\u00f3xima ao bairro Cohab, em Cafel\u00e2ndia [&hellip;]<\/p>\n","protected":false},"author":1,"featured_media":12253,"comment_status":"closed","ping_status":"open","sticky":false,"template":"","format":"standard","meta":{"footnotes":""},"categories":[170,110],"tags":[],"class_list":["post-12251","post","type-post","status-publish","format-standard","has-post-thumbnail","hentry","category-acidentes","category-noticiasdestaque"],"_links":{"self":[{"href":"https:\/\/jorgezanoni.com.br\/2019\/wp-json\/wp\/v2\/posts\/12251","targetHints":{"allow":["GET"]}}],"collection":[{"href":"https:\/\/jorgezanoni.com.br\/2019\/wp-json\/wp\/v2\/posts"}],"about":[{"href":"https:\/\/jorgezanoni.com.br\/2019\/wp-json\/wp\/v2\/types\/post"}],"author":[{"embeddable":true,"href":"https:\/\/jorgezanoni.com.br\/2019\/wp-json\/wp\/v2\/users\/1"}],"replies":[{"embeddable":true,"href":"https:\/\/jorgezanoni.com.br\/2019\/wp-json\/wp\/v2\/comments?post=12251"}],"version-history":[{"count":0,"href":"https:\/\/jorgezanoni.com.br\/2019\/wp-json\/wp\/v2\/posts\/12251\/revisions"}],"wp:featuredmedia":[{"embeddable":true,"href":"https:\/\/jorgezanoni.com.br\/2019\/wp-json\/wp\/v2\/media\/12253"}],"wp:attachment":[{"href":"https:\/\/jorgezanoni.com.br\/2019\/wp-json\/wp\/v2\/media?parent=12251"}],"wp:term":[{"taxonomy":"category","embeddable":true,"href":"https:\/\/jorgezanoni.com.br\/2019\/wp-json\/wp\/v2\/categories?post=12251"},{"taxonomy":"post_tag","embeddable":true,"href":"https:\/\/jorgezanoni.com.br\/2019\/wp-json\/wp\/v2\/tags?post=12251"}],"curies":[{"name":"wp","href":"https:\/\/api.w.org\/{rel}","templated":true}]}}