{"id":1222,"date":"2019-07-21T18:16:38","date_gmt":"2019-07-21T18:16:38","guid":{"rendered":"http:\/\/jorgezanoni.com.br\/2019\/?p=1222"},"modified":"2019-07-21T18:16:38","modified_gmt":"2019-07-21T18:16:38","slug":"aviao-do-palmeiras-arremete-duas-vezes-em-tentativa-de-pouso-e-tem-rota-alterada-na-argentina","status":"publish","type":"post","link":"https:\/\/jorgezanoni.com.br\/2019\/aviao-do-palmeiras-arremete-duas-vezes-em-tentativa-de-pouso-e-tem-rota-alterada-na-argentina\/","title":{"rendered":"Avi\u00e3o do Palmeiras arremete duas vezes em tentativa de pouso e tem rota alterada na Argentina"},"content":{"rendered":"<h2 class=\"content-head__subtitle\"><strong>Voo fretado com delega\u00e7\u00e3o palmeirense \u00e9 deslocado de Mendoza (palco do jogo de ter\u00e7a com o Godoy Cruz) primeiro para Rosario e depois a Buenos Aires, onde time passar\u00e1 este domingo.<\/strong><\/h2>\n<div class=\"mc-column content-text active-extra-styles active-capital-letter\" data-block-type=\"unstyled\" data-block-weight=\"69\" data-block-id=\"1\">\n<p class=\"content-text__container theme-color-primary-first-letter\" data-track-category=\"Link no Texto\" data-track-links=\"\">A delega\u00e7\u00e3o do Palmeiras teve uma chegada tensa \u00e0 Argentina, na madrugada deste domingo. O avi\u00e3o fretado que levava o time para o jogo contra o Godoy Cruz pela Libertadores (ter\u00e7a, 21h30, no hor\u00e1rio de Bras\u00edlia) teve dificuldade no pouso em Mendoza por causa de rajadas de vento na regi\u00e3o e arremeteu duas vezes antes de alterar a rota para Ros\u00e1rio. O voo, depois, foi deslocado a Buenos Aires.<\/p>\n<\/div>\n<div class=\"wall protected-content\">\n<div class=\"mc-column content-text active-extra-styles \" data-block-type=\"unstyled\" data-block-weight=\"31\" data-block-id=\"2\">\n<p class=\"content-text__container \" data-track-category=\"Link no Texto\" data-track-links=\"\">Esse contratempo, ali\u00e1s, afetou a programa\u00e7\u00e3o do Palmeiras para a partida. O elenco ficar\u00e1 em Buenos Aires este domingo e s\u00f3 vai na segunda-feira para Mendoza, palco do jogo de ter\u00e7a.<\/p>\n<\/div>\n<div class=\"mc-column\" data-block-type=\"embed-social-twitter\" data-block-id=\"3\">\n<div class=\"SandboxRoot env-bp-350\" data-twitter-event-id=\"0\">\n<div id=\"twitter-widget-0\" class=\"EmbeddedTweet EmbeddedTweet--cta js-clickToOpenTarget tweet-InformationCircle-widgetParent\" lang=\"en\" data-click-to-open-target=\"https:\/\/twitter.com\/Palmeiras\/status\/1153000376838369280\" data-iframe-title=\"Twitter Tweet\" data-scribe=\"page:tweet\" data-twitter-event-id=\"1\">\n<div class=\"EmbeddedTweet-tweetContainer\">\n<div class=\"EmbeddedTweet-tweet\">\n<blockquote class=\"Tweet h-entry js-tweetIdInfo subject expanded\" cite=\"https:\/\/twitter.com\/Palmeiras\/status\/1153000376838369280\" data-tweet-id=\"1153000376838369280\" data-scribe=\"section:subject\">\n<div class=\"Tweet-header\"><a class=\"TweetAuthor-avatar  Identity-avatar u-linkBlend\" href=\"https:\/\/twitter.com\/Palmeiras\" data-scribe=\"element:user_link\" aria-label=\"SE Palmeiras (screen name: Palmeiras)\"><img decoding=\"async\" class=\"Avatar\" src=\"https:\/\/pbs.twimg.com\/profile_images\/1096436806273458176\/YCJDKEdv_normal.png\" alt=\"\" data-scribe=\"element:avatar\" data-src-2x=\"https:\/\/pbs.twimg.com\/profile_images\/1096436806273458176\/YCJDKEdv_bigger.png\" data-src-1x=\"https:\/\/pbs.twimg.com\/profile_images\/1096436806273458176\/YCJDKEdv_normal.png\" \/><\/a><\/p>\n<div class=\"TweetAuthor js-inViewportScribingTarget\" data-scribe=\"component:author\">\n<div class=\"TweetAuthor-nameScreenNameContainer\"><span class=\"TweetAuthor-decoratedName\"><span class=\"TweetAuthor-name Identity-name customisable-highlight\" title=\"SE Palmeiras\" data-scribe=\"element:name\">SE Palmeiras<\/span><\/span><\/p>\n<div class=\"Icon Icon--verified \" title=\"Verified Account\" role=\"img\" aria-label=\"Verified Account\"><\/div>\n<p><span class=\"TweetAuthor-decoratedName\"><span class=\"TweetAuthor-verifiedBadge\" data-scribe=\"element:verified_badge\"><b class=\"u-hiddenVisually\">\u2714<\/b><\/span><\/span><span class=\"TweetAuthor-screenName Identity-screenName\" dir=\"ltr\" title=\"@Palmeiras\" data-scribe=\"element:screen_name\">@Palmeiras<\/span><\/div>\n<\/div>\n<div class=\"Tweet-brand\">\n<div class=\"Icon Icon--twitter \" title=\"View on Twitter\" role=\"presentation\" aria-label=\"View on Twitter\"><\/div>\n<\/div>\n<\/div>\n<div class=\"Tweet-body e-entry-content\" data-scribe=\"component:tweet\">\n<div class=\"Tweet-target js-inViewportScribingTarget\"><\/div>\n<p class=\"Tweet-text e-entry-title\" dir=\"ltr\" lang=\"pt\">A Sociedade Esportiva Palmeiras informa que o voo de Cear\u00e1 para a Argentina contou com turbul\u00eancias, mas o elenco e funcion\u00e1rios est\u00e3o fora de perigo.<br \/>\nAgradecemos as mensagens e apoio da <a class=\"PrettyLink hashtag customisable\" dir=\"ltr\" href=\"https:\/\/twitter.com\/hashtag\/Fam%C3%ADliaPalmeiras?src=hash\" rel=\"tag\" data-query-source=\"hashtag_click\" data-scribe=\"element:hashtag\"><span class=\"PrettyLink-prefix\">#<\/span><span class=\"PrettyLink-value\">Fam\u00edliaPalmeiras<\/span><\/a>.<\/p>\n<div class=\"TweetInfo\">\n<div class=\"TweetInfo-like\">\n<div data-scribe=\"element:heart\">\n<div class=\"Icon Icon--heart \" title=\"Like\" role=\"img\" aria-label=\"Like\"><\/div>\n<\/div>\n<p><a class=\"TweetInfo-heart\" title=\"Like\" href=\"https:\/\/twitter.com\/intent\/like?tweet_id=1153000376838369280\" data-scribe=\"component:actions\"><span class=\"TweetInfo-heartStat\" data-scribe=\"element:heart_count\">1,925<\/span><\/a><\/div>\n<div class=\"TweetInfo-timeGeo\"><a class=\"u-linkBlend u-url customisable-highlight long-permalink\" href=\"https:\/\/twitter.com\/Palmeiras\/status\/1153000376838369280\" data-datetime=\"2019-07-21T17:54:46+0000\" data-scribe=\"element:full_timestamp\"><time class=\"dt-updated\" title=\"Time posted: July 21, 2019 17:54:46 (UTC)\" datetime=\"2019-07-21T17:54:46+0000\">2:54 PM &#8211; Jul 21, 2019<\/time><\/a><\/div>\n<div class=\"tweet-InformationCircle\" data-scribe=\"element:notice\"><a class=\"Icon Icon--informationCircleWhite js-inViewportScribingTarget\" title=\"Twitter Ads info and privacy\" href=\"https:\/\/support.twitter.com\/articles\/20175256\"><span class=\"u-hiddenVisually\">Twitter Ads info and privacy<\/span><\/a><\/div>\n<\/div>\n<\/div>\n<\/blockquote>\n<\/div>\n<\/div>\n<\/div>\n<\/div>\n<\/div>\n<div class=\"mc-column content-text active-extra-styles \" data-block-type=\"unstyled\" data-block-weight=\"29\" data-block-id=\"4\">\n<p class=\"content-text__container \" data-track-category=\"Link no Texto\" data-track-links=\"\">A arremetida consiste em um procedimento no qual o piloto interrompe a aproxima\u00e7\u00e3o da pista para pouso, aciona novamente os motores da aeronave e tenta ganhar altura para recome\u00e7\u00e1-la.<\/p>\n<\/div>\n<div class=\"mc-column content-text active-extra-styles \" data-block-type=\"unstyled\" data-block-weight=\"19\" data-block-id=\"5\">\n<p class=\"content-text__container \" data-track-category=\"Link no Texto\" data-track-links=\"\"><strong>Segundo relatos, o epis\u00f3dio foi assustador, a ponto de membros da delega\u00e7\u00e3o passarem mal e chegarem a vomitar.<\/strong><\/p>\n<div class=\"mc-column content-text active-extra-styles \" data-block-type=\"unstyled\" data-block-weight=\"40\" data-block-id=\"8\">\n<p class=\"content-text__container \" data-track-category=\"Link no Texto\" data-track-links=\"\">Ainda n\u00e3o h\u00e1 nenhuma previs\u00e3o sobre o hor\u00e1rio da ida em definitivo nesta segunda-feira a Mendoza, palco da partida de ter\u00e7a-feira contra o Godoy Cruz, pelas oitavas de final da Libertadores. A agenda de treinos tamb\u00e9m n\u00e3o est\u00e1 dispon\u00edvel.<\/p>\n<\/div>\n<div class=\"mc-column content-text active-extra-styles \" data-block-type=\"unstyled\" data-block-weight=\"28\" data-block-id=\"9\">\n<p class=\"content-text__container \" data-track-category=\"Link no Texto\" data-track-links=\"\">O\u00a0<a href=\"https:\/\/globoesporte.globo.com\/futebol\/times\/palmeiras\/noticia\/apos-nova-derrota-delegacao-do-palmeiras-deixa-estadio-e-segue-direto-do-ceara-a-argentina.ghtml\">elenco do Palmeiras havia deixado a cidade de Fortaleza na noite do \u00faltimo domingo<\/a>, pouco depois da derrota por 2 a 0 pelo Cear\u00e1, pelo Campeonato Brasileiro.<\/p>\n<p data-track-category=\"Link no Texto\" data-track-links=\"\">Fonte: globoesporte.globo.com<\/p>\n<\/div>\n<\/div>\n<\/div>\n","protected":false},"excerpt":{"rendered":"<p>Voo fretado com delega\u00e7\u00e3o palmeirense \u00e9 deslocado de Mendoza (palco do jogo de ter\u00e7a com o Godoy Cruz) primeiro para Rosario e depois a Buenos Aires, onde time passar\u00e1 este domingo. A delega\u00e7\u00e3o do Palmeiras teve uma chegada tensa \u00e0 Argentina, na madrugada deste domingo. O avi\u00e3o fretado que levava o time para o jogo [&hellip;]<\/p>\n","protected":false},"author":1,"featured_media":1223,"comment_status":"open","ping_status":"open","sticky":false,"template":"","format":"standard","meta":{"footnotes":""},"categories":[111],"tags":[],"class_list":["post-1222","post","type-post","status-publish","format-standard","has-post-thumbnail","hentry","category-esporteecultura"],"_links":{"self":[{"href":"https:\/\/jorgezanoni.com.br\/2019\/wp-json\/wp\/v2\/posts\/1222","targetHints":{"allow":["GET"]}}],"collection":[{"href":"https:\/\/jorgezanoni.com.br\/2019\/wp-json\/wp\/v2\/posts"}],"about":[{"href":"https:\/\/jorgezanoni.com.br\/2019\/wp-json\/wp\/v2\/types\/post"}],"author":[{"embeddable":true,"href":"https:\/\/jorgezanoni.com.br\/2019\/wp-json\/wp\/v2\/users\/1"}],"replies":[{"embeddable":true,"href":"https:\/\/jorgezanoni.com.br\/2019\/wp-json\/wp\/v2\/comments?post=1222"}],"version-history":[{"count":0,"href":"https:\/\/jorgezanoni.com.br\/2019\/wp-json\/wp\/v2\/posts\/1222\/revisions"}],"wp:featuredmedia":[{"embeddable":true,"href":"https:\/\/jorgezanoni.com.br\/2019\/wp-json\/wp\/v2\/media\/1223"}],"wp:attachment":[{"href":"https:\/\/jorgezanoni.com.br\/2019\/wp-json\/wp\/v2\/media?parent=1222"}],"wp:term":[{"taxonomy":"category","embeddable":true,"href":"https:\/\/jorgezanoni.com.br\/2019\/wp-json\/wp\/v2\/categories?post=1222"},{"taxonomy":"post_tag","embeddable":true,"href":"https:\/\/jorgezanoni.com.br\/2019\/wp-json\/wp\/v2\/tags?post=1222"}],"curies":[{"name":"wp","href":"https:\/\/api.w.org\/{rel}","templated":true}]}}