{"id":12196,"date":"2019-11-24T21:12:07","date_gmt":"2019-11-24T21:12:07","guid":{"rendered":"https:\/\/jorgezanoni.com.br\/2019\/?p=12196"},"modified":"2019-11-24T21:12:07","modified_gmt":"2019-11-24T21:12:07","slug":"flamengo-e-campeao-brasileiro-e-se-torna-primeiro-time-desde-1963-a-ganhar-nacional-e-libertadores-no-mesmo-ano","status":"publish","type":"post","link":"https:\/\/jorgezanoni.com.br\/2019\/flamengo-e-campeao-brasileiro-e-se-torna-primeiro-time-desde-1963-a-ganhar-nacional-e-libertadores-no-mesmo-ano\/","title":{"rendered":"Flamengo \u00e9 campe\u00e3o brasileiro e se torna primeiro time desde 1963 a ganhar Nacional e Libertadores no mesmo ano"},"content":{"rendered":"<h2 class=\"content-head__subtitle\" style=\"text-align: justify;\"><strong>Com os dois t\u00edtulos, Rubro-Negro alcan\u00e7a feito que s\u00f3 havia sido obtido pelo Santos de Pel\u00e9.<\/strong><\/h2>\n<p style=\"text-align: justify;\"><img loading=\"lazy\" decoding=\"async\" class=\"alignnone size-full wp-image-12198\" src=\"https:\/\/jorgezanoni.com.br\/2019\/wp-content\/uploads\/2019\/11\/rodrigo1.jpg\" alt=\"\" width=\"750\" height=\"740\" srcset=\"https:\/\/jorgezanoni.com.br\/2019\/wp-content\/uploads\/2019\/11\/rodrigo1.jpg 750w, https:\/\/jorgezanoni.com.br\/2019\/wp-content\/uploads\/2019\/11\/rodrigo1-300x296.jpg 300w, https:\/\/jorgezanoni.com.br\/2019\/wp-content\/uploads\/2019\/11\/rodrigo1-696x687.jpg 696w, https:\/\/jorgezanoni.com.br\/2019\/wp-content\/uploads\/2019\/11\/rodrigo1-426x420.jpg 426w\" sizes=\"auto, (max-width: 750px) 100vw, 750px\" \/>O Dracenense Rodrigo Caio \u00e9 campe\u00e3o da Libertadores e Brasileiro pela primeira vez.<\/p>\n<p style=\"text-align: justify;\">Depois de ter sido campe\u00e3o da Libertadores no \u00faltimo s\u00e1bado, o Flamengo conquistou tamb\u00e9m o t\u00edtulo do Campeonato Brasileiro neste domingo, com a derrota do Palmeiras para o Gr\u00eamio por 2 a 1. Com o feito, o Rubro-Negro se tornou o primeiro time desde 1963 a ganhar o Brasileiro e a Libertadores no mesmo ano.<\/p>\n<p style=\"text-align: justify;\"><a href=\"https:\/\/globoesporte.globo.com\/sp\/futebol\/brasileirao-serie-a\/jogo\/24-11-2019\/palmeiras-gremio.ghtml\"><strong>+ Veja os v\u00eddeos da vit\u00f3ria do Gr\u00eamio sobre o Palmeiras<\/strong><\/a><\/p>\n<p><img loading=\"lazy\" decoding=\"async\" class=\"alignnone size-full wp-image-12197\" src=\"https:\/\/jorgezanoni.com.br\/2019\/wp-content\/uploads\/2019\/11\/mengo.jpg\" alt=\"\" width=\"1000\" height=\"666\" srcset=\"https:\/\/jorgezanoni.com.br\/2019\/wp-content\/uploads\/2019\/11\/mengo.jpg 1000w, https:\/\/jorgezanoni.com.br\/2019\/wp-content\/uploads\/2019\/11\/mengo-300x200.jpg 300w, https:\/\/jorgezanoni.com.br\/2019\/wp-content\/uploads\/2019\/11\/mengo-768x511.jpg 768w, https:\/\/jorgezanoni.com.br\/2019\/wp-content\/uploads\/2019\/11\/mengo-696x464.jpg 696w, https:\/\/jorgezanoni.com.br\/2019\/wp-content\/uploads\/2019\/11\/mengo-631x420.jpg 631w\" sizes=\"auto, (max-width: 1000px) 100vw, 1000px\" \/>Jogadores do Flamengo recebem a ta\u00e7a da Libertadores \u2014 Foto: Getty Images<\/p>\n<p style=\"text-align: justify;\">A \u00fanica equipe que obtivera tal feito havia sido o Santos, ao conquistar as edi\u00e7\u00f5es de 1962 e 1963 da Ta\u00e7a Brasil &#8211; que ganhou status de Brasileiro ap\u00f3s resolu\u00e7\u00e3o da CBF em 2010 &#8211; e da Libertadores. Comandado por Pel\u00e9, o Peixe dominou o futebol do pa\u00eds naquela d\u00e9cada e conquistou o status de um dos melhores times de todos os tempos.<\/p>\n<article>\n<div class=\"wall protected-content\">\n<div class=\"mc-column content-text active-extra-styles \" style=\"text-align: justify;\" data-block-type=\"unstyled\" data-block-weight=\"18\" data-block-id=\"6\">\n<p class=\"content-text__container \" data-track-category=\"Link no Texto\" data-track-links=\"\">Desde ent\u00e3o, nenhum time do pa\u00eds conseguiu ganhar o maior t\u00edtulo nacional e a Libertadores na mesma temporada.<\/p>\n<\/div>\n<div data-track-category=\"multicontent\" data-track-action=\"ultimo chunk conteudo\" data-track-noninteraction=\"false\" data-track-scroll=\"view\">\n<div class=\"mc-column content-text active-extra-styles \" data-block-type=\"unstyled\" data-block-weight=\"44\" data-block-id=\"7\">\n<p class=\"content-text__container \" style=\"text-align: justify;\" data-track-category=\"Link no Texto\" data-track-links=\"\">Como o jogo da 34\u00aa rodada contra o Vasco havia sido antecipado para o dia 13, o Flamengo conquistou o Brasileir\u00e3o sem nem entrar em campo. Faltando quatro jogos para cada equipe, o Rubro-Negro soma 13 pontos a mais do que Santos e Palmeiras.<\/p>\n<p style=\"text-align: justify;\" data-track-category=\"Link no Texto\" data-track-links=\"\">Fonte: https:\/\/globoesporte.globo.com\/futebol\/times\/flamengo\/noticia\/flamengo-e-campeao-brasileiro-e-se-torna-primeiro-time-desde-1963-a-ganhar-nacional-e-libertadores-no-mesmo-ano.ghtml<\/p>\n<\/div>\n<\/div>\n<\/div>\n<\/article>\n<div class=\"mc-column entities\"><\/div>\n","protected":false},"excerpt":{"rendered":"<p>Com os dois t\u00edtulos, Rubro-Negro alcan\u00e7a feito que s\u00f3 havia sido obtido pelo Santos de Pel\u00e9. O Dracenense Rodrigo Caio \u00e9 campe\u00e3o da Libertadores e Brasileiro pela primeira vez. Depois de ter sido campe\u00e3o da Libertadores no \u00faltimo s\u00e1bado, o Flamengo conquistou tamb\u00e9m o t\u00edtulo do Campeonato Brasileiro neste domingo, com a derrota do Palmeiras [&hellip;]<\/p>\n","protected":false},"author":1,"featured_media":12199,"comment_status":"closed","ping_status":"open","sticky":false,"template":"","format":"standard","meta":{"footnotes":""},"categories":[111,110],"tags":[],"class_list":["post-12196","post","type-post","status-publish","format-standard","has-post-thumbnail","hentry","category-esporteecultura","category-noticiasdestaque"],"_links":{"self":[{"href":"https:\/\/jorgezanoni.com.br\/2019\/wp-json\/wp\/v2\/posts\/12196","targetHints":{"allow":["GET"]}}],"collection":[{"href":"https:\/\/jorgezanoni.com.br\/2019\/wp-json\/wp\/v2\/posts"}],"about":[{"href":"https:\/\/jorgezanoni.com.br\/2019\/wp-json\/wp\/v2\/types\/post"}],"author":[{"embeddable":true,"href":"https:\/\/jorgezanoni.com.br\/2019\/wp-json\/wp\/v2\/users\/1"}],"replies":[{"embeddable":true,"href":"https:\/\/jorgezanoni.com.br\/2019\/wp-json\/wp\/v2\/comments?post=12196"}],"version-history":[{"count":0,"href":"https:\/\/jorgezanoni.com.br\/2019\/wp-json\/wp\/v2\/posts\/12196\/revisions"}],"wp:featuredmedia":[{"embeddable":true,"href":"https:\/\/jorgezanoni.com.br\/2019\/wp-json\/wp\/v2\/media\/12199"}],"wp:attachment":[{"href":"https:\/\/jorgezanoni.com.br\/2019\/wp-json\/wp\/v2\/media?parent=12196"}],"wp:term":[{"taxonomy":"category","embeddable":true,"href":"https:\/\/jorgezanoni.com.br\/2019\/wp-json\/wp\/v2\/categories?post=12196"},{"taxonomy":"post_tag","embeddable":true,"href":"https:\/\/jorgezanoni.com.br\/2019\/wp-json\/wp\/v2\/tags?post=12196"}],"curies":[{"name":"wp","href":"https:\/\/api.w.org\/{rel}","templated":true}]}}