{"id":12192,"date":"2019-11-24T20:12:43","date_gmt":"2019-11-24T20:12:43","guid":{"rendered":"https:\/\/jorgezanoni.com.br\/2019\/?p=12192"},"modified":"2019-11-24T20:12:43","modified_gmt":"2019-11-24T20:12:43","slug":"torcedor-morre-ao-comemorar-gol-do-flamengo-diz-familia","status":"publish","type":"post","link":"https:\/\/jorgezanoni.com.br\/2019\/torcedor-morre-ao-comemorar-gol-do-flamengo-diz-familia\/","title":{"rendered":"Torcedor morre ao comemorar gol do Flamengo, diz fam\u00edlia"},"content":{"rendered":"<h2 class=\"content-head__subtitle\" style=\"text-align: justify;\"><strong>Outro flamenguista morreu no Cear\u00e1 por problemas card\u00edacos.<\/strong><\/h2>\n<p style=\"text-align: justify;\"><img loading=\"lazy\" decoding=\"async\" class=\"alignnone size-full wp-image-12193\" src=\"https:\/\/jorgezanoni.com.br\/2019\/wp-content\/uploads\/2019\/11\/valdecir.jpg\" alt=\"\" width=\"1200\" height=\"1766\" srcset=\"https:\/\/jorgezanoni.com.br\/2019\/wp-content\/uploads\/2019\/11\/valdecir.jpg 1200w, https:\/\/jorgezanoni.com.br\/2019\/wp-content\/uploads\/2019\/11\/valdecir-204x300.jpg 204w, https:\/\/jorgezanoni.com.br\/2019\/wp-content\/uploads\/2019\/11\/valdecir-768x1130.jpg 768w, https:\/\/jorgezanoni.com.br\/2019\/wp-content\/uploads\/2019\/11\/valdecir-696x1024.jpg 696w, https:\/\/jorgezanoni.com.br\/2019\/wp-content\/uploads\/2019\/11\/valdecir-1068x1572.jpg 1068w, https:\/\/jorgezanoni.com.br\/2019\/wp-content\/uploads\/2019\/11\/valdecir-285x420.jpg 285w\" sizes=\"auto, (max-width: 1200px) 100vw, 1200px\" \/>Valdecir Rosa de Farias, de 41 anos, morreu ao comemorar a vit\u00f3ria do Flamengo, em Cuiab\u00e1. \u2014 Foto: Arquivo Pessoal<\/p>\n<div class=\"mc-column content-text active-extra-styles \" style=\"text-align: justify;\" data-block-type=\"unstyled\" data-block-weight=\"43\" data-block-id=\"2\">\n<p class=\"content-text__container \" data-track-category=\"Link no Texto\" data-track-links=\"\">O motorista de \u00f4nibus Valdecir Rosa de Farias, de 41 anos, morreu no s\u00e1bado (23) ao comemorar o\u00a0<a href=\"https:\/\/globoesporte.globo.com\/futebol\/libertadores\/jogo\/23-11-2019\/flamengo-river-plate.ghtml\">segundo gol do Flamengo contra o River Plate, em Cuiab\u00e1<\/a>.\u00a0<a href=\"https:\/\/g1.globo.com\/ce\/ceara\/noticia\/2019\/11\/24\/torcedor-infarta-e-morre-no-gol-da-virada-do-flamengo-sobre-o-river.ghtml\">Um outro torcedor morreu no Cear\u00e1 tamb\u00e9m durante a partida final da Copa Libertadores.<\/a><\/p>\n<\/div>\n<div class=\"wall protected-content\">\n<div class=\"mc-column content-text active-extra-styles \" style=\"text-align: justify;\" data-block-type=\"unstyled\" data-block-weight=\"24\" data-block-id=\"3\">\n<p class=\"content-text__container \" data-track-category=\"Link no Texto\" data-track-links=\"\">&#8220;A emo\u00e7\u00e3o foi tanta que o cora\u00e7\u00e3o n\u00e3o aguentou. Ele era flamenguista roxo&#8221;, disse Jucielle Viana dos Santos, mulher de Valdecir, ao\u00a0<strong>G1.<\/strong><\/p>\n<\/div>\n<div class=\"mc-column content-text active-extra-styles \" style=\"text-align: justify;\" data-block-type=\"unstyled\" data-block-weight=\"32\" data-block-id=\"4\">\n<p class=\"content-text__container \" data-track-category=\"Link no Texto\" data-track-links=\"\">A fam\u00edlia assistia ao jogo na casa de um vizinho quando o motorista passou mal. O Servi\u00e7o de Atendimento M\u00f3vel de Urg\u00eancia (Samu) foi acionado, e constatou morte por parada card\u00edaca.<\/p>\n<\/div>\n<div class=\"mc-column content-text active-extra-styles \" data-block-type=\"unstyled\" data-block-weight=\"16\" data-block-id=\"5\">\n<p class=\"content-text__container \" style=\"text-align: justify;\" data-track-category=\"Link no Texto\" data-track-links=\"\">Jucielly conta que, h\u00e1 3 anos, o motorista teve o cora\u00e7\u00e3o operado, e usava marcapasso.<\/p>\n<div class=\"mc-column content-text active-extra-styles \" style=\"text-align: justify;\" data-block-type=\"unstyled\" data-block-weight=\"19\" data-block-id=\"7\">\n<p class=\"content-text__container \" data-track-category=\"Link no Texto\" data-track-links=\"\">Ele deixa dois filhos, um homem de 21 anos e uma menina de um ano e dez meses.<\/p>\n<\/div>\n<div class=\"mc-column content-text active-extra-styles \" style=\"text-align: justify;\" data-block-type=\"unstyled\" data-block-weight=\"14\" data-block-id=\"8\">\n<p class=\"content-text__container \" data-track-category=\"Link no Texto\" data-track-links=\"\">O vel\u00f3rio acontece na manh\u00e3 deste domingo (24) e o enterro ser\u00e1 \u00e0s 16h.<\/p>\n<\/div>\n<div class=\"mc-column content-text active-extra-styles\" style=\"text-align: justify;\" data-block-type=\"raw\" data-block-weight=\"1\" data-block-id=\"9\">\n<div class=\"content-intertitle\">\n<h2>Cear\u00e1<\/h2>\n<\/div>\n<\/div>\n<div class=\"mc-column content-text active-extra-styles \" style=\"text-align: justify;\" data-block-type=\"unstyled\" data-block-weight=\"35\" data-block-id=\"10\">\n<p class=\"content-text__container \" data-track-category=\"Link no Texto\" data-track-links=\"\">O empres\u00e1rio Washington Vasconcelos, 41, torcedor do Flamengo, teve um infarto e morreu no s\u00e1bado (23) enquanto assistia em Fortaleza \u00e0 decis\u00e3o da Copa Libertadores entre o time carioca e o clube argentino River Plate.<\/p>\n<\/div>\n<div data-track-category=\"multicontent\" data-track-action=\"ultimo chunk conteudo\" data-track-noninteraction=\"false\" data-track-scroll=\"view\">\n<div class=\"mc-column content-text active-extra-styles \" data-block-type=\"unstyled\" data-block-weight=\"47\" data-block-id=\"11\">\n<p class=\"content-text__container \" style=\"text-align: justify;\" data-track-category=\"Link no Texto\" data-track-links=\"\">Conforme a fam\u00edlia, ele estava em casa, no Bairro Conjunto Cear\u00e1, com a filha de 10 anos quando passou mal e foi socorrido por vizinhos que o levaram para a Unidade de Pronto Atendimento (UPA) pr\u00f3xima do local. Washington n\u00e3o resistiu e morreu na unidade de sa\u00fade.<\/p>\n<p data-track-category=\"Link no Texto\" data-track-links=\"\">Fonte: G1<\/p>\n<\/div>\n<\/div>\n<\/div>\n<\/div>\n","protected":false},"excerpt":{"rendered":"<p>Outro flamenguista morreu no Cear\u00e1 por problemas card\u00edacos. Valdecir Rosa de Farias, de 41 anos, morreu ao comemorar a vit\u00f3ria do Flamengo, em Cuiab\u00e1. \u2014 Foto: Arquivo Pessoal O motorista de \u00f4nibus Valdecir Rosa de Farias, de 41 anos, morreu no s\u00e1bado (23) ao comemorar o\u00a0segundo gol do Flamengo contra o River Plate, em Cuiab\u00e1.\u00a0Um [&hellip;]<\/p>\n","protected":false},"author":1,"featured_media":12194,"comment_status":"closed","ping_status":"open","sticky":false,"template":"","format":"standard","meta":{"footnotes":""},"categories":[111,110],"tags":[],"class_list":["post-12192","post","type-post","status-publish","format-standard","has-post-thumbnail","hentry","category-esporteecultura","category-noticiasdestaque"],"_links":{"self":[{"href":"https:\/\/jorgezanoni.com.br\/2019\/wp-json\/wp\/v2\/posts\/12192","targetHints":{"allow":["GET"]}}],"collection":[{"href":"https:\/\/jorgezanoni.com.br\/2019\/wp-json\/wp\/v2\/posts"}],"about":[{"href":"https:\/\/jorgezanoni.com.br\/2019\/wp-json\/wp\/v2\/types\/post"}],"author":[{"embeddable":true,"href":"https:\/\/jorgezanoni.com.br\/2019\/wp-json\/wp\/v2\/users\/1"}],"replies":[{"embeddable":true,"href":"https:\/\/jorgezanoni.com.br\/2019\/wp-json\/wp\/v2\/comments?post=12192"}],"version-history":[{"count":0,"href":"https:\/\/jorgezanoni.com.br\/2019\/wp-json\/wp\/v2\/posts\/12192\/revisions"}],"wp:featuredmedia":[{"embeddable":true,"href":"https:\/\/jorgezanoni.com.br\/2019\/wp-json\/wp\/v2\/media\/12194"}],"wp:attachment":[{"href":"https:\/\/jorgezanoni.com.br\/2019\/wp-json\/wp\/v2\/media?parent=12192"}],"wp:term":[{"taxonomy":"category","embeddable":true,"href":"https:\/\/jorgezanoni.com.br\/2019\/wp-json\/wp\/v2\/categories?post=12192"},{"taxonomy":"post_tag","embeddable":true,"href":"https:\/\/jorgezanoni.com.br\/2019\/wp-json\/wp\/v2\/tags?post=12192"}],"curies":[{"name":"wp","href":"https:\/\/api.w.org\/{rel}","templated":true}]}}