{"id":12187,"date":"2019-11-24T20:00:23","date_gmt":"2019-11-24T20:00:23","guid":{"rendered":"https:\/\/jorgezanoni.com.br\/2019\/?p=12187"},"modified":"2019-11-24T20:00:23","modified_gmt":"2019-11-24T20:00:23","slug":"homem-e-assassinado-a-pauladas-e-facadas-em-praca-em-presidente-prudente","status":"publish","type":"post","link":"https:\/\/jorgezanoni.com.br\/2019\/homem-e-assassinado-a-pauladas-e-facadas-em-praca-em-presidente-prudente\/","title":{"rendered":"Homem \u00e9 assassinado a pauladas e facadas em pra\u00e7a em Presidente Prudente"},"content":{"rendered":"<h2 class=\"content-head__subtitle\" style=\"text-align: justify;\"><strong>Corpo foi encontrado todo ensanguentado no Jardim Itapu\u00e3. Padrasto da companheira da v\u00edtima foi preso em flagrante suspeito pelo crime.<\/strong><\/h2>\n<div class=\"mc-column content-text active-extra-styles \" data-block-type=\"unstyled\" data-block-weight=\"30\" data-block-id=\"2\">\n<p class=\"content-text__container \" style=\"text-align: justify;\" data-track-category=\"Link no Texto\" data-track-links=\"\">Um homem de 38 anos foi assassinado na noite deste s\u00e1bado (23), em frente a uma pra\u00e7a no Jardim Itapu\u00e3, em\u00a0<a href=\"https:\/\/g1.globo.com\/sp\/presidente-prudente-regiao\/cidade\/presidente-prudente\/\">Presidente Prudente<\/a>. Um suspeito de 33 anos foi preso.<\/p>\n<\/div>\n<div class=\"wall protected-content\">\n<div class=\"mc-column content-text active-extra-styles \" style=\"text-align: justify;\" data-block-type=\"unstyled\" data-block-weight=\"35\" data-block-id=\"3\">\n<p class=\"content-text__container \" data-track-category=\"Link no Texto\" data-track-links=\"\">De acordo com as informa\u00e7\u00f5es contidas no Boletim de Ocorr\u00eancia, uma equipe da Pol\u00edcia Militar foi acionada para o local e encontrou a v\u00edtima ca\u00edda no ch\u00e3o toda ensanguentada com les\u00f5es vis\u00edveis de instrumento &#8220;p\u00e9rfuro-contundente&#8221;.<\/p>\n<\/div>\n<div class=\"mc-column content-text active-extra-styles \" style=\"text-align: justify;\" data-block-type=\"unstyled\" data-block-weight=\"32\" data-block-id=\"4\">\n<p class=\"content-text__container \" data-track-category=\"Link no Texto\" data-track-links=\"\">Nesse mesmo momento, uma unidade do Resgate do Corpo de Bombeiros e uma viatura de Unidade de Suporte Avan\u00e7ado (USA) tamb\u00e9m chegaram ao local e um m\u00e9dico constatou a morte da v\u00edtima.<\/p>\n<\/div>\n<div class=\"mc-column content-text active-extra-styles \" data-block-type=\"unstyled\" data-block-weight=\"37\" data-block-id=\"5\">\n<p class=\"content-text__container \" style=\"text-align: justify;\" data-track-category=\"Link no Texto\" data-track-links=\"\">A per\u00edcia constatou na v\u00edtima a exist\u00eancia de v\u00e1rios ferimentos provocados por segmento de madeira, sendo que ao lado do corpo foi recolhido parte de um roli\u00e7o de madeira envolvido em fita cinza, popularmente conhecido como porrete.<\/p>\n<div class=\"mc-column content-text active-extra-styles \" style=\"text-align: justify;\" data-block-type=\"unstyled\" data-block-weight=\"13\" data-block-id=\"7\">\n<p class=\"content-text__container \" data-track-category=\"Link no Texto\" data-track-links=\"\">Os peritos tamb\u00e9m constataram v\u00e1rios ferimentos nas costas da v\u00edtima provocados por faca.<\/p>\n<\/div>\n<div class=\"mc-column content-text active-extra-styles \" style=\"text-align: justify;\" data-block-type=\"unstyled\" data-block-weight=\"40\" data-block-id=\"8\">\n<p class=\"content-text__container \" data-track-category=\"Link no Texto\" data-track-links=\"\">Ap\u00f3s o isolamento da \u00e1rea, populares se aproximaram e informaram aos policiais que os autores do crime, sem especificar a quantidade, estiveram no local com um ve\u00edculo de cor preta, por\u00e9m n\u00e3o indicaram a marca e o modelo do carro.<\/p>\n<\/div>\n<div class=\"mc-column content-text active-extra-styles \" data-block-type=\"unstyled\" data-block-weight=\"23\" data-block-id=\"9\">\n<p class=\"content-text__container \" style=\"text-align: justify;\" data-track-category=\"Link no Texto\" data-track-links=\"\">Algum tempo depois, uma mulher chegou ao local e forneceu as caracter\u00edsticas de seu companheiro, sendo que os policiais constataram tratar-se da v\u00edtima.<\/p>\n<p data-track-category=\"Link no Texto\" data-track-links=\"\"><img loading=\"lazy\" decoding=\"async\" class=\"alignnone size-full wp-image-12188\" src=\"https:\/\/jorgezanoni.com.br\/2019\/wp-content\/uploads\/2019\/11\/pru1-1.jpeg\" alt=\"\" width=\"1200\" height=\"900\" srcset=\"https:\/\/jorgezanoni.com.br\/2019\/wp-content\/uploads\/2019\/11\/pru1-1.jpeg 1200w, https:\/\/jorgezanoni.com.br\/2019\/wp-content\/uploads\/2019\/11\/pru1-1-300x225.jpeg 300w, https:\/\/jorgezanoni.com.br\/2019\/wp-content\/uploads\/2019\/11\/pru1-1-768x576.jpeg 768w, https:\/\/jorgezanoni.com.br\/2019\/wp-content\/uploads\/2019\/11\/pru1-1-1024x768.jpeg 1024w, https:\/\/jorgezanoni.com.br\/2019\/wp-content\/uploads\/2019\/11\/pru1-1-80x60.jpeg 80w, https:\/\/jorgezanoni.com.br\/2019\/wp-content\/uploads\/2019\/11\/pru1-1-265x198.jpeg 265w, https:\/\/jorgezanoni.com.br\/2019\/wp-content\/uploads\/2019\/11\/pru1-1-696x522.jpeg 696w, https:\/\/jorgezanoni.com.br\/2019\/wp-content\/uploads\/2019\/11\/pru1-1-1068x801.jpeg 1068w, https:\/\/jorgezanoni.com.br\/2019\/wp-content\/uploads\/2019\/11\/pru1-1-560x420.jpeg 560w\" sizes=\"auto, (max-width: 1200px) 100vw, 1200px\" \/><\/p>\n<div class=\"row medium-uncollapsed content-media content-photo\" data-block-type=\"backstage-photo\" data-block-id=\"10\">\n<div class=\"mc-column content-media__container\">\n<p class=\"content-media__description \" style=\"text-align: justify;\">Corpo foi localizado em frente a uma pra\u00e7a no Jardim Itapu\u00e3, em Presidente Prudente \u2014 Foto: Heloise Hamada\/TV Fronteira<\/p>\n<\/div>\n<\/div>\n<div class=\"mc-column content-text active-extra-styles\" style=\"text-align: justify;\" data-block-type=\"raw\" data-block-weight=\"1\" data-block-id=\"11\">\n<div class=\"content-intertitle\">\n<h2>Agress\u00e3o<\/h2>\n<\/div>\n<\/div>\n<div class=\"mc-column content-text active-extra-styles \" data-block-type=\"unstyled\" data-block-weight=\"42\" data-block-id=\"12\">\n<p class=\"content-text__container \" style=\"text-align: justify;\" data-track-category=\"Link no Texto\" data-track-links=\"\">De acordo com a mulher, horas antes, seu parceiro havia lhe agredido em uma pra\u00e7a p\u00fablica ali pr\u00f3xima, bem como sua pr\u00f3pria filha de colo. Devido a isso, pessoas que estavam no local sa\u00edram em defesa da mulher e afastaram o homem.<\/p>\n<div class=\"mc-column content-text active-extra-styles \" style=\"text-align: justify;\" data-block-type=\"unstyled\" data-block-weight=\"57\" data-block-id=\"14\">\n<p class=\"content-text__container \" data-track-category=\"Link no Texto\" data-track-links=\"\">A mulher relatou ainda que, em seguida, a v\u00edtima ofendeu seu padrasto, que esteve no local, e sua m\u00e3e. Por conta dessa nova confus\u00e3o, a mulher se distanciou de todos com sua filha de colo e n\u00e3o sabia dizer, at\u00e9 aquele momento, o que de fato havia acontecido com seu companheiro, por isso estava a sua procura.<\/p>\n<\/div>\n<div class=\"mc-column content-text active-extra-styles \" style=\"text-align: justify;\" data-block-type=\"unstyled\" data-block-weight=\"31\" data-block-id=\"15\">\n<p class=\"content-text__container \" data-track-category=\"Link no Texto\" data-track-links=\"\">Questionada sobre se sabia da exist\u00eancia de algum ve\u00edculo na cor preta em sua fam\u00edlia, a mulher disse que sua m\u00e3e e seu padrasto possu\u00edam um carro com a referida cor.<\/p>\n<\/div>\n<div class=\"mc-column content-text active-extra-styles \" data-block-type=\"unstyled\" data-block-weight=\"21\" data-block-id=\"16\">\n<p class=\"content-text__container \" style=\"text-align: justify;\" data-track-category=\"Link no Texto\" data-track-links=\"\">Mediante a essa informa\u00e7\u00e3o, uma equipe policial se deslocou at\u00e9 a casa do suspeito, que \u00e9 padrasto da companheira da v\u00edtima.<\/p>\n<p style=\"text-align: justify;\" data-track-category=\"Link no Texto\" data-track-links=\"\"><img loading=\"lazy\" decoding=\"async\" class=\"alignnone size-full wp-image-12189\" src=\"https:\/\/jorgezanoni.com.br\/2019\/wp-content\/uploads\/2019\/11\/pru2.jpeg\" alt=\"\" width=\"1200\" height=\"900\" srcset=\"https:\/\/jorgezanoni.com.br\/2019\/wp-content\/uploads\/2019\/11\/pru2.jpeg 1200w, https:\/\/jorgezanoni.com.br\/2019\/wp-content\/uploads\/2019\/11\/pru2-300x225.jpeg 300w, https:\/\/jorgezanoni.com.br\/2019\/wp-content\/uploads\/2019\/11\/pru2-768x576.jpeg 768w, https:\/\/jorgezanoni.com.br\/2019\/wp-content\/uploads\/2019\/11\/pru2-1024x768.jpeg 1024w, https:\/\/jorgezanoni.com.br\/2019\/wp-content\/uploads\/2019\/11\/pru2-80x60.jpeg 80w, https:\/\/jorgezanoni.com.br\/2019\/wp-content\/uploads\/2019\/11\/pru2-265x198.jpeg 265w, https:\/\/jorgezanoni.com.br\/2019\/wp-content\/uploads\/2019\/11\/pru2-696x522.jpeg 696w, https:\/\/jorgezanoni.com.br\/2019\/wp-content\/uploads\/2019\/11\/pru2-1068x801.jpeg 1068w, https:\/\/jorgezanoni.com.br\/2019\/wp-content\/uploads\/2019\/11\/pru2-560x420.jpeg 560w\" sizes=\"auto, (max-width: 1200px) 100vw, 1200px\" \/>Corpo foi localizado em frente a uma pra\u00e7a no Jardim Itapu\u00e3, em Presidente Prudente \u2014 Foto: Heloise Hamada\/TV Fronteira<\/p>\n<div class=\"mc-column content-text active-extra-styles\" style=\"text-align: justify;\" data-block-type=\"raw\" data-block-weight=\"3\" data-block-id=\"19\">\n<div class=\"content-intertitle\">\n<h2>Facadas e pauladas<\/h2>\n<\/div>\n<\/div>\n<div class=\"mc-column content-text active-extra-styles \" style=\"text-align: justify;\" data-block-type=\"unstyled\" data-block-weight=\"34\" data-block-id=\"20\">\n<p class=\"content-text__container \" data-track-category=\"Link no Texto\" data-track-links=\"\">O suspeito relatou que, logo ap\u00f3s ser amea\u00e7ado de morte pela v\u00edtima e estar cansado daquele comportamento ofensivo contra sua enteada, entrou em seu ve\u00edculo para procurar a v\u00edtima com o objetivo de repreend\u00ea-la.<\/p>\n<\/div>\n<div class=\"mc-column content-text active-extra-styles \" style=\"text-align: justify;\" data-block-type=\"unstyled\" data-block-weight=\"24\" data-block-id=\"21\">\n<p class=\"content-text__container \" data-track-category=\"Link no Texto\" data-track-links=\"\">Ainda conforme o relato do suspeito, ap\u00f3s colocar seu ve\u00edculo em movimento, um indiv\u00edduo desconhecido tamb\u00e9m entrou no carro e desejou ir com ele.<\/p>\n<\/div>\n<div class=\"mc-column content-text active-extra-styles \" style=\"text-align: justify;\" data-block-type=\"unstyled\" data-block-weight=\"32\" data-block-id=\"22\">\n<p class=\"content-text__container \" data-track-category=\"Link no Texto\" data-track-links=\"\">O suspeito disse que acabou encontrando a v\u00edtima correndo e, o tal indiv\u00edduo desconhecido, desceu rapidamente do ve\u00edculo com um porrete e desferiu alguns golpes na v\u00edtima, assim como desferiu-lhe algumas facadas.<\/p>\n<\/div>\n<div class=\"mc-column content-text active-extra-styles \" style=\"text-align: justify;\" data-block-type=\"unstyled\" data-block-weight=\"7\" data-block-id=\"23\">\n<p class=\"content-text__container \" data-track-category=\"Link no Texto\" data-track-links=\"\">A v\u00edtima foi deixada ca\u00edda no ch\u00e3o.<\/p>\n<\/div>\n<div class=\"mc-column content-text active-extra-styles \" style=\"text-align: justify;\" data-block-type=\"unstyled\" data-block-weight=\"14\" data-block-id=\"24\">\n<p class=\"content-text__container \" data-track-category=\"Link no Texto\" data-track-links=\"\">Em seguida, o tal indiv\u00edduo retornou para o ve\u00edculo e ambos deixaram o local.<\/p>\n<\/div>\n<div class=\"mc-column content-text active-extra-styles \" style=\"text-align: justify;\" data-block-type=\"unstyled\" data-block-weight=\"30\" data-block-id=\"25\">\n<p class=\"content-text__container \" data-track-category=\"Link no Texto\" data-track-links=\"\">O suspeito disse que sequer desceu do ve\u00edculo e que a pessoa que golpeou a v\u00edtima foi deixada na Avenida Juscelino Kubitschek de Oliveira, bem pr\u00f3xima ao local do crime.<\/p>\n<\/div>\n<div class=\"mc-column content-text active-extra-styles \" style=\"text-align: justify;\" data-block-type=\"unstyled\" data-block-weight=\"17\" data-block-id=\"26\">\n<p class=\"content-text__container \" data-track-category=\"Link no Texto\" data-track-links=\"\">Segundo o boletim, o suspeito alegou desconhecer a qualifica\u00e7\u00e3o, destino e demais caracter\u00edsticas f\u00edsicas do tal indiv\u00edduo.<\/p>\n<\/div>\n<div class=\"mc-column content-text active-extra-styles \" style=\"text-align: justify;\" data-block-type=\"unstyled\" data-block-weight=\"13\" data-block-id=\"27\">\n<p class=\"content-text__container \" data-track-category=\"Link no Texto\" data-track-links=\"\">Diante disso, o suspeito foi conduzido para a Delegacia Participativa da Pol\u00edcia Civil.<\/p>\n<\/div>\n<div class=\"mc-column content-text active-extra-styles \" style=\"text-align: justify;\" data-block-type=\"unstyled\" data-block-weight=\"6\" data-block-id=\"28\">\n<p class=\"content-text__container \" data-track-category=\"Link no Texto\" data-track-links=\"\">Nada foi encontrado no ve\u00edculo dele.<\/p>\n<\/div>\n<div class=\"mc-column content-text active-extra-styles \" data-block-type=\"unstyled\" data-block-weight=\"29\" data-block-id=\"29\">\n<p class=\"content-text__container \" style=\"text-align: justify;\" data-track-category=\"Link no Texto\" data-track-links=\"\">Na unidade policial, o suspeito teve a pris\u00e3o em flagrante decretada pelo crime de homic\u00eddio qualificado com emprego de meio insidioso ou cruel, ou de que resulte perigo comum.<\/p>\n<p style=\"text-align: justify;\" data-track-category=\"Link no Texto\" data-track-links=\"\">A Pol\u00edcia Civil solicitou \u00e0 Justi\u00e7a a pris\u00e3o preventiva do suspeito.<\/p>\n<p style=\"text-align: justify;\" data-track-category=\"Link no Texto\" data-track-links=\"\">Fonte: G1<\/p>\n<\/div>\n<p data-track-category=\"Link no Texto\" data-track-links=\"\">\n<\/div>\n<\/div>\n<\/div>\n<div class=\"row medium-uncollapsed content-media content-photo\" data-block-type=\"backstage-photo\" data-block-id=\"10\">\n<div class=\"mc-column content-media__container\">\n<div class=\"progressive-img can-open-lightbox\" data-min-size=\"1008x756\" data-min-size-url=\"https:\/\/s2.glbimg.com\/zv1e7EiH_Oy8xcAMJiFOtxQTElc=\/0x0:1152x864\/1008x0\/smart\/filters:strip_icc()\/i.s3.glbimg.com\/v1\/AUTH_59edd422c0c84a879bd37670ae4f538a\/internal_photos\/bs\/2019\/D\/9\/sIecaqTmyqAfFDZXhZhQ\/whatsapp-image-2019-11-24-at-10.26.26.jpeg\" data-max-size=\"1600x1200\" data-max-size-url=\"https:\/\/s2.glbimg.com\/4qKf5uWHlhOJ-mzj0cBI0bt6eec=\/0x0:1152x864\/1600x0\/smart\/filters:strip_icc()\/i.s3.glbimg.com\/v1\/AUTH_59edd422c0c84a879bd37670ae4f538a\/internal_photos\/bs\/2019\/D\/9\/sIecaqTmyqAfFDZXhZhQ\/whatsapp-image-2019-11-24-at-10.26.26.jpeg\" data-media-index=\"1\"><\/div>\n<\/div>\n<\/div>\n<p data-track-category=\"Link no Texto\" data-track-links=\"\">\n<\/div>\n<\/div>\n","protected":false},"excerpt":{"rendered":"<p>Corpo foi encontrado todo ensanguentado no Jardim Itapu\u00e3. Padrasto da companheira da v\u00edtima foi preso em flagrante suspeito pelo crime. Um homem de 38 anos foi assassinado na noite deste s\u00e1bado (23), em frente a uma pra\u00e7a no Jardim Itapu\u00e3, em\u00a0Presidente Prudente. Um suspeito de 33 anos foi preso. De acordo com as informa\u00e7\u00f5es contidas [&hellip;]<\/p>\n","protected":false},"author":1,"featured_media":12190,"comment_status":"closed","ping_status":"open","sticky":false,"template":"","format":"standard","meta":{"footnotes":""},"categories":[110,2],"tags":[],"class_list":["post-12187","post","type-post","status-publish","format-standard","has-post-thumbnail","hentry","category-noticiasdestaque","category-policial"],"_links":{"self":[{"href":"https:\/\/jorgezanoni.com.br\/2019\/wp-json\/wp\/v2\/posts\/12187","targetHints":{"allow":["GET"]}}],"collection":[{"href":"https:\/\/jorgezanoni.com.br\/2019\/wp-json\/wp\/v2\/posts"}],"about":[{"href":"https:\/\/jorgezanoni.com.br\/2019\/wp-json\/wp\/v2\/types\/post"}],"author":[{"embeddable":true,"href":"https:\/\/jorgezanoni.com.br\/2019\/wp-json\/wp\/v2\/users\/1"}],"replies":[{"embeddable":true,"href":"https:\/\/jorgezanoni.com.br\/2019\/wp-json\/wp\/v2\/comments?post=12187"}],"version-history":[{"count":0,"href":"https:\/\/jorgezanoni.com.br\/2019\/wp-json\/wp\/v2\/posts\/12187\/revisions"}],"wp:featuredmedia":[{"embeddable":true,"href":"https:\/\/jorgezanoni.com.br\/2019\/wp-json\/wp\/v2\/media\/12190"}],"wp:attachment":[{"href":"https:\/\/jorgezanoni.com.br\/2019\/wp-json\/wp\/v2\/media?parent=12187"}],"wp:term":[{"taxonomy":"category","embeddable":true,"href":"https:\/\/jorgezanoni.com.br\/2019\/wp-json\/wp\/v2\/categories?post=12187"},{"taxonomy":"post_tag","embeddable":true,"href":"https:\/\/jorgezanoni.com.br\/2019\/wp-json\/wp\/v2\/tags?post=12187"}],"curies":[{"name":"wp","href":"https:\/\/api.w.org\/{rel}","templated":true}]}}