{"id":12175,"date":"2019-11-24T17:52:11","date_gmt":"2019-11-24T17:52:11","guid":{"rendered":"https:\/\/jorgezanoni.com.br\/2019\/?p=12175"},"modified":"2019-11-24T17:52:11","modified_gmt":"2019-11-24T17:52:11","slug":"morre-joao-denadai-ex-vereador-em-dracena","status":"publish","type":"post","link":"https:\/\/jorgezanoni.com.br\/2019\/morre-joao-denadai-ex-vereador-em-dracena\/","title":{"rendered":"Morre Jo\u00e3o Denadai, ex-vereador em Dracena"},"content":{"rendered":"<p style=\"font-weight: 400; text-align: justify;\">Jo\u00e3o Denadai faleceu aos 94 anos em Gl\u00f3ria de Dourados\/MS. Ele foi vereador em Dracena entre 1965 e 1977. O sepultamento ocorreu neste domingo.<\/p>\n<p style=\"text-align: justify;\">Natural de Urup\u00eas, Denadai era filho de imigrantes italianos e mudou-se para Dracena para atuar como produtor rural e a partir de 1965 exerceu o mandato de vereador na quinta legislatura. No mandato seguinte foi suplente. Voltou a ser vereador na s\u00e9tima legislatura (finalizada no in\u00edcio de 1977).<\/p>\n<p style=\"text-align: justify;\">Em 1973, Jo\u00e3o Denadai adquiriu propriedades rurais em Gl\u00f3ria de Dourados e Jate\u00ed. A mudan\u00e7a para o Mato Grosso do Sul se deu em 1982, onde residiu at\u00e9 falecer. Em Dracena residem os filhos Mauro Denadai e Dina Denadai Cangussu.<\/p>\n<p>Fonte: Bastidores da Not\u00edcia<\/p>\n","protected":false},"excerpt":{"rendered":"<p>Jo\u00e3o Denadai faleceu aos 94 anos em Gl\u00f3ria de Dourados\/MS. Ele foi vereador em Dracena entre 1965 e 1977. O sepultamento ocorreu neste domingo. Natural de Urup\u00eas, Denadai era filho de imigrantes italianos e mudou-se para Dracena para atuar como produtor rural e a partir de 1965 exerceu o mandato de vereador na quinta legislatura. [&hellip;]<\/p>\n","protected":false},"author":1,"featured_media":12176,"comment_status":"closed","ping_status":"open","sticky":false,"template":"","format":"standard","meta":{"footnotes":""},"categories":[178,110],"tags":[],"class_list":["post-12175","post","type-post","status-publish","format-standard","has-post-thumbnail","hentry","category-notadefalecimento","category-noticiasdestaque"],"_links":{"self":[{"href":"https:\/\/jorgezanoni.com.br\/2019\/wp-json\/wp\/v2\/posts\/12175","targetHints":{"allow":["GET"]}}],"collection":[{"href":"https:\/\/jorgezanoni.com.br\/2019\/wp-json\/wp\/v2\/posts"}],"about":[{"href":"https:\/\/jorgezanoni.com.br\/2019\/wp-json\/wp\/v2\/types\/post"}],"author":[{"embeddable":true,"href":"https:\/\/jorgezanoni.com.br\/2019\/wp-json\/wp\/v2\/users\/1"}],"replies":[{"embeddable":true,"href":"https:\/\/jorgezanoni.com.br\/2019\/wp-json\/wp\/v2\/comments?post=12175"}],"version-history":[{"count":0,"href":"https:\/\/jorgezanoni.com.br\/2019\/wp-json\/wp\/v2\/posts\/12175\/revisions"}],"wp:featuredmedia":[{"embeddable":true,"href":"https:\/\/jorgezanoni.com.br\/2019\/wp-json\/wp\/v2\/media\/12176"}],"wp:attachment":[{"href":"https:\/\/jorgezanoni.com.br\/2019\/wp-json\/wp\/v2\/media?parent=12175"}],"wp:term":[{"taxonomy":"category","embeddable":true,"href":"https:\/\/jorgezanoni.com.br\/2019\/wp-json\/wp\/v2\/categories?post=12175"},{"taxonomy":"post_tag","embeddable":true,"href":"https:\/\/jorgezanoni.com.br\/2019\/wp-json\/wp\/v2\/tags?post=12175"}],"curies":[{"name":"wp","href":"https:\/\/api.w.org\/{rel}","templated":true}]}}