{"id":12141,"date":"2019-11-24T16:24:09","date_gmt":"2019-11-24T16:24:09","guid":{"rendered":"https:\/\/jorgezanoni.com.br\/2019\/?p=12141"},"modified":"2019-11-24T16:35:13","modified_gmt":"2019-11-24T16:35:13","slug":"flamengo-campeao-da-libertadores-rodrigo-caio-e-destaque-e-leva-o-nome-de-dracena-para-o-mundo","status":"publish","type":"post","link":"https:\/\/jorgezanoni.com.br\/2019\/flamengo-campeao-da-libertadores-rodrigo-caio-e-destaque-e-leva-o-nome-de-dracena-para-o-mundo\/","title":{"rendered":"Flamengo Campe\u00e3o da Libertadores \u2013 Rodrigo Caio \u00e9 Destaque e leva o nome de Dracena para o mundo"},"content":{"rendered":"<p style=\"text-align: justify;\"><strong>Flamengo Campe\u00e3o da Libertadores &#8211;\u00a0Rodrigo Caio \u00e9 Destaque.<\/strong><\/p>\n<p><img loading=\"lazy\" decoding=\"async\" class=\"alignnone size-full wp-image-12143\" src=\"https:\/\/jorgezanoni.com.br\/2019\/wp-content\/uploads\/2019\/11\/Rodrigo1.jpeg\" alt=\"\" width=\"720\" height=\"709\" srcset=\"https:\/\/jorgezanoni.com.br\/2019\/wp-content\/uploads\/2019\/11\/Rodrigo1.jpeg 720w, https:\/\/jorgezanoni.com.br\/2019\/wp-content\/uploads\/2019\/11\/Rodrigo1-300x295.jpeg 300w, https:\/\/jorgezanoni.com.br\/2019\/wp-content\/uploads\/2019\/11\/Rodrigo1-696x685.jpeg 696w, https:\/\/jorgezanoni.com.br\/2019\/wp-content\/uploads\/2019\/11\/Rodrigo1-427x420.jpeg 427w\" sizes=\"auto, (max-width: 720px) 100vw, 720px\" \/>Familia do jogador Rodrigo Caio no est\u00e1dio da Final da Libertadores.<\/p>\n<p style=\"text-align: justify;\">Em jogo que entra para a hist\u00f3ria do rubro negro carioca, o Brasil conquistou atrav\u00e9s do Flamengo mais um titulo da Copa Libertadores da Am\u00e9rica na tarde\/noite deste s\u00e1bado.<\/p>\n<p style=\"text-align: justify;\">Depois de 38 anos, quando o Flamengo conquistou sua primeira libertadores ao derrotar o Cobreloa do Chile no Est\u00e1dio Nacional do Uruguai, a equipe carioca voltou a disputar o titulo do campeonato mais importante da Am\u00e9rica do Sul.<\/p>\n<p style=\"text-align: justify;\">Na verdade o jogo teve o dom\u00ednio do River Plate da Argentina que abriu a contagem\u00a0 no primeiro tempo ap\u00f3s confus\u00e3o de marca\u00e7\u00e3o entre Gerson e Ar\u00e3o. A bola sobrou para o atacante argentino que inaugurou o placar.<\/p>\n<p style=\"text-align: justify;\">No retorno do segundo tempo a equipe do River continuou tendo as melhores a\u00e7\u00f5es ofensivas que esbarravam na excelente apresenta\u00e7\u00e3o da zaga flamenguista comandada pelo dracenense Rodrigo Caio.<\/p>\n<p style=\"text-align: justify;\">Os gols da virada do Flamengo s\u00f3 sa\u00edram nos \u00faltimos minutos do jogo quando j\u00e1 parecia consumada a vit\u00f3ria argentina. Aos 44 minutos Bruno Henrique criou a jogada pela esquerda que acabou sobrando para Gabigol empatar o jogo. Aos 47 minutos novamente Gabigol aproveitou confus\u00e3o de marca\u00e7\u00e3o da zaga do River Plate para finalizar e fazer o gol do titulo do Flamengo.<\/p>\n<p style=\"text-align: justify;\">Em cadeia nacional a excelente rep\u00f3rter da TV Fronteira Mariane Santos. afiliada da Rede Globo, estava na Ch\u00e1cara de Rodrigo Caio assistindo o jogo reunida com a fam\u00edlia do jogador e fez duas participa\u00e7\u00f5es ao vivo com Luis Roberto que narrou o jogo.<\/p>\n<p style=\"text-align: justify;\">Praticamente campe\u00e3o brasileiro pelo Flamengo e agora campe\u00e3o da Copa Libertadores, Rodrigo Caio vive o melhor momento de sua carreira. O ano poder\u00e1 ser coroado com a conquista do mundial de clubes que ser\u00e1 realizado no Catar a partir de 14 de dezembro. Rodrigo Caio dever\u00e1 chegar a Dracena somente entre os dias 23 ou 24 de dezembro.<\/p>\n<p style=\"text-align: justify;\"><strong>O JORNAL INTERATIVO, R\u00c1DIO 87.9 FM, SITE JORGE ZANONI E R\u00c1DIO LIBERAL FM.,<\/strong> planejam uma grande recep\u00e7\u00e3o ao jogador com desfile pelas ruas da cidade no dia da sua chegada.<\/p>\n<p><img loading=\"lazy\" decoding=\"async\" class=\"alignnone size-full wp-image-12149\" src=\"https:\/\/jorgezanoni.com.br\/2019\/wp-content\/uploads\/2019\/11\/rodrigo-2.jpg\" alt=\"\" width=\"598\" height=\"805\" srcset=\"https:\/\/jorgezanoni.com.br\/2019\/wp-content\/uploads\/2019\/11\/rodrigo-2.jpg 598w, https:\/\/jorgezanoni.com.br\/2019\/wp-content\/uploads\/2019\/11\/rodrigo-2-223x300.jpg 223w, https:\/\/jorgezanoni.com.br\/2019\/wp-content\/uploads\/2019\/11\/rodrigo-2-312x420.jpg 312w\" sizes=\"auto, (max-width: 598px) 100vw, 598px\" \/><\/p>\n<p>Rodrigo Caio em cima do Trio El\u00e9trica na comemora\u00e7\u00e3o do T\u00edtulo.<\/p>\n<p style=\"text-align: justify;\">Fonte: Jornal Interativo\/Vanderlei Val\u00e9rio<\/p>\n","protected":false},"excerpt":{"rendered":"<p>Flamengo Campe\u00e3o da Libertadores &#8211;\u00a0Rodrigo Caio \u00e9 Destaque. Familia do jogador Rodrigo Caio no est\u00e1dio da Final da Libertadores. Em jogo que entra para a hist\u00f3ria do rubro negro carioca, o Brasil conquistou atrav\u00e9s do Flamengo mais um titulo da Copa Libertadores da Am\u00e9rica na tarde\/noite deste s\u00e1bado. Depois de 38 anos, quando o Flamengo [&hellip;]<\/p>\n","protected":false},"author":1,"featured_media":12144,"comment_status":"closed","ping_status":"open","sticky":false,"template":"","format":"standard","meta":{"footnotes":""},"categories":[111,110],"tags":[],"class_list":["post-12141","post","type-post","status-publish","format-standard","has-post-thumbnail","hentry","category-esporteecultura","category-noticiasdestaque"],"_links":{"self":[{"href":"https:\/\/jorgezanoni.com.br\/2019\/wp-json\/wp\/v2\/posts\/12141","targetHints":{"allow":["GET"]}}],"collection":[{"href":"https:\/\/jorgezanoni.com.br\/2019\/wp-json\/wp\/v2\/posts"}],"about":[{"href":"https:\/\/jorgezanoni.com.br\/2019\/wp-json\/wp\/v2\/types\/post"}],"author":[{"embeddable":true,"href":"https:\/\/jorgezanoni.com.br\/2019\/wp-json\/wp\/v2\/users\/1"}],"replies":[{"embeddable":true,"href":"https:\/\/jorgezanoni.com.br\/2019\/wp-json\/wp\/v2\/comments?post=12141"}],"version-history":[{"count":0,"href":"https:\/\/jorgezanoni.com.br\/2019\/wp-json\/wp\/v2\/posts\/12141\/revisions"}],"wp:featuredmedia":[{"embeddable":true,"href":"https:\/\/jorgezanoni.com.br\/2019\/wp-json\/wp\/v2\/media\/12144"}],"wp:attachment":[{"href":"https:\/\/jorgezanoni.com.br\/2019\/wp-json\/wp\/v2\/media?parent=12141"}],"wp:term":[{"taxonomy":"category","embeddable":true,"href":"https:\/\/jorgezanoni.com.br\/2019\/wp-json\/wp\/v2\/categories?post=12141"},{"taxonomy":"post_tag","embeddable":true,"href":"https:\/\/jorgezanoni.com.br\/2019\/wp-json\/wp\/v2\/tags?post=12141"}],"curies":[{"name":"wp","href":"https:\/\/api.w.org\/{rel}","templated":true}]}}