{"id":12130,"date":"2019-11-24T14:27:10","date_gmt":"2019-11-24T14:27:10","guid":{"rendered":"https:\/\/jorgezanoni.com.br\/2019\/?p=12130"},"modified":"2019-11-24T14:27:10","modified_gmt":"2019-11-24T14:27:10","slug":"imagens-captadas-por-camera-de-uma-das-residencias-furtadas-no-condominio-vila-romana-na-noite-deste-sabado","status":"publish","type":"post","link":"https:\/\/jorgezanoni.com.br\/2019\/imagens-captadas-por-camera-de-uma-das-residencias-furtadas-no-condominio-vila-romana-na-noite-deste-sabado\/","title":{"rendered":"Imagens captadas por c\u00e2mera de uma das resid\u00eancias furtadas no condom\u00ednio Vila Romana na noite deste s\u00e1bado"},"content":{"rendered":"<p>Imagens captadas por c\u00e2mera de uma das resid\u00eancias furtadas no condom\u00ednio Vila Romana na noite deste s\u00e1bado (23). (V\u00eddeo cedido)<\/p>\n<div id=\"fb-root\"><\/div>\n<p><script async=\"1\" defer=\"1\" crossorigin=\"anonymous\" src=\"https:\/\/connect.facebook.net\/en_US\/sdk.js#xfbml=1&amp;version=v5.0\"><\/script><\/p>\n<div class=\"fb-video\" data-href=\"https:\/\/www.facebook.com\/jorgeluizzanoni\/videos\/3353546571386124\/\" data-width=\"696\">\n<blockquote cite=\"https:\/\/www.facebook.com\/jorgeluizzanoni\/videos\/3353546571386124\/\" class=\"fb-xfbml-parse-ignore\"><p><a href=\"https:\/\/www.facebook.com\/jorgeluizzanoni\/videos\/3353546571386124\/\"><\/a><\/p>\n<p>Imagens captadas por c\u00e2mera de uma das resid\u00eancias furtadas no condom\u00ednio Vila Romana na noite deste s\u00e1bado (23). (V\u00eddeo cedido)<\/p>\n<p>Posted by <a href=\"https:\/\/www.facebook.com\/jorgeluizzanoni\">Jorge Luiz Zanoni<\/a> on Sunday, November 24, 2019<\/p><\/blockquote>\n<\/div>\n","protected":false},"excerpt":{"rendered":"<p>Imagens captadas por c\u00e2mera de uma das resid\u00eancias furtadas no condom\u00ednio Vila Romana na noite deste s\u00e1bado (23). (V\u00eddeo cedido) Imagens captadas por c\u00e2mera de uma das resid\u00eancias furtadas no condom\u00ednio Vila Romana na noite deste s\u00e1bado (23). (V\u00eddeo cedido) Posted by Jorge Luiz Zanoni on Sunday, November 24, 2019<\/p>\n","protected":false},"author":1,"featured_media":12131,"comment_status":"closed","ping_status":"open","sticky":false,"template":"","format":"video","meta":{"footnotes":""},"categories":[169],"tags":[],"class_list":["post-12130","post","type-post","status-publish","format-video","has-post-thumbnail","hentry","category-videos","post_format-post-format-video"],"_links":{"self":[{"href":"https:\/\/jorgezanoni.com.br\/2019\/wp-json\/wp\/v2\/posts\/12130","targetHints":{"allow":["GET"]}}],"collection":[{"href":"https:\/\/jorgezanoni.com.br\/2019\/wp-json\/wp\/v2\/posts"}],"about":[{"href":"https:\/\/jorgezanoni.com.br\/2019\/wp-json\/wp\/v2\/types\/post"}],"author":[{"embeddable":true,"href":"https:\/\/jorgezanoni.com.br\/2019\/wp-json\/wp\/v2\/users\/1"}],"replies":[{"embeddable":true,"href":"https:\/\/jorgezanoni.com.br\/2019\/wp-json\/wp\/v2\/comments?post=12130"}],"version-history":[{"count":0,"href":"https:\/\/jorgezanoni.com.br\/2019\/wp-json\/wp\/v2\/posts\/12130\/revisions"}],"wp:featuredmedia":[{"embeddable":true,"href":"https:\/\/jorgezanoni.com.br\/2019\/wp-json\/wp\/v2\/media\/12131"}],"wp:attachment":[{"href":"https:\/\/jorgezanoni.com.br\/2019\/wp-json\/wp\/v2\/media?parent=12130"}],"wp:term":[{"taxonomy":"category","embeddable":true,"href":"https:\/\/jorgezanoni.com.br\/2019\/wp-json\/wp\/v2\/categories?post=12130"},{"taxonomy":"post_tag","embeddable":true,"href":"https:\/\/jorgezanoni.com.br\/2019\/wp-json\/wp\/v2\/tags?post=12130"}],"curies":[{"name":"wp","href":"https:\/\/api.w.org\/{rel}","templated":true}]}}