{"id":12121,"date":"2019-11-24T13:28:03","date_gmt":"2019-11-24T13:28:03","guid":{"rendered":"https:\/\/jorgezanoni.com.br\/2019\/?p=12121"},"modified":"2019-11-24T13:28:03","modified_gmt":"2019-11-24T13:28:03","slug":"varias-casas-em-condominio-de-dracena-foram-furtadas-na-noite-deste-sabado-23","status":"publish","type":"post","link":"https:\/\/jorgezanoni.com.br\/2019\/varias-casas-em-condominio-de-dracena-foram-furtadas-na-noite-deste-sabado-23\/","title":{"rendered":"V\u00e1rias casas em condom\u00ednio de Dracena foram furtadas na noite deste s\u00e1bado (23)"},"content":{"rendered":"<p><strong>Pelas imagens captadas pelas\u00a0 c\u00e2meras de seguran\u00e7a, dois bandidos foram os autores.<\/strong><\/p>\n<p style=\"text-align: justify;\">Pelo menos 7 casas do Condom\u00ednio fechado Vila Romana de Dracena que fica ao lado do Col\u00e9gio Objetivo, foram visitadas por dois marginais, que arrombaram portas e janelas e furtaram j\u00f3ias, dinheiro e v\u00eddeo game.<\/p>\n<p style=\"text-align: justify;\">As Pol\u00edcias Militar e Civil estiveram no local para verificar detalhes dos furtos, na esperan\u00e7a de identificar os marginais.<\/p>\n<p style=\"text-align: justify;\">As fotos mostram o hor\u00e1rio que os marginais invadiram uma das casas.<\/p>\n<p><img loading=\"lazy\" decoding=\"async\" class=\"alignnone size-full wp-image-12122\" src=\"https:\/\/jorgezanoni.com.br\/2019\/wp-content\/uploads\/2019\/11\/bandido.jpeg\" alt=\"\" width=\"720\" height=\"1280\" srcset=\"https:\/\/jorgezanoni.com.br\/2019\/wp-content\/uploads\/2019\/11\/bandido.jpeg 720w, https:\/\/jorgezanoni.com.br\/2019\/wp-content\/uploads\/2019\/11\/bandido-169x300.jpeg 169w, https:\/\/jorgezanoni.com.br\/2019\/wp-content\/uploads\/2019\/11\/bandido-576x1024.jpeg 576w, https:\/\/jorgezanoni.com.br\/2019\/wp-content\/uploads\/2019\/11\/bandido-696x1237.jpeg 696w, https:\/\/jorgezanoni.com.br\/2019\/wp-content\/uploads\/2019\/11\/bandido-236x420.jpeg 236w\" sizes=\"auto, (max-width: 720px) 100vw, 720px\" \/><\/p>\n<p style=\"text-align: justify;\">\u201c Milton Silva, s\u00edndico do condom\u00ednio Vila Romana j\u00e1 agendou reuni\u00e3o para o dia 2\/12 para discutir investimentos em seguran\u00e7a.\u201d<\/p>\n<p style=\"text-align: justify;\">Fonte: Jornal Interativo<\/p>\n","protected":false},"excerpt":{"rendered":"<p>Pelas imagens captadas pelas\u00a0 c\u00e2meras de seguran\u00e7a, dois bandidos foram os autores. Pelo menos 7 casas do Condom\u00ednio fechado Vila Romana de Dracena que fica ao lado do Col\u00e9gio Objetivo, foram visitadas por dois marginais, que arrombaram portas e janelas e furtaram j\u00f3ias, dinheiro e v\u00eddeo game. As Pol\u00edcias Militar e Civil estiveram no local [&hellip;]<\/p>\n","protected":false},"author":1,"featured_media":12123,"comment_status":"closed","ping_status":"open","sticky":false,"template":"","format":"standard","meta":{"footnotes":""},"categories":[110,2],"tags":[],"class_list":["post-12121","post","type-post","status-publish","format-standard","has-post-thumbnail","hentry","category-noticiasdestaque","category-policial"],"_links":{"self":[{"href":"https:\/\/jorgezanoni.com.br\/2019\/wp-json\/wp\/v2\/posts\/12121","targetHints":{"allow":["GET"]}}],"collection":[{"href":"https:\/\/jorgezanoni.com.br\/2019\/wp-json\/wp\/v2\/posts"}],"about":[{"href":"https:\/\/jorgezanoni.com.br\/2019\/wp-json\/wp\/v2\/types\/post"}],"author":[{"embeddable":true,"href":"https:\/\/jorgezanoni.com.br\/2019\/wp-json\/wp\/v2\/users\/1"}],"replies":[{"embeddable":true,"href":"https:\/\/jorgezanoni.com.br\/2019\/wp-json\/wp\/v2\/comments?post=12121"}],"version-history":[{"count":0,"href":"https:\/\/jorgezanoni.com.br\/2019\/wp-json\/wp\/v2\/posts\/12121\/revisions"}],"wp:featuredmedia":[{"embeddable":true,"href":"https:\/\/jorgezanoni.com.br\/2019\/wp-json\/wp\/v2\/media\/12123"}],"wp:attachment":[{"href":"https:\/\/jorgezanoni.com.br\/2019\/wp-json\/wp\/v2\/media?parent=12121"}],"wp:term":[{"taxonomy":"category","embeddable":true,"href":"https:\/\/jorgezanoni.com.br\/2019\/wp-json\/wp\/v2\/categories?post=12121"},{"taxonomy":"post_tag","embeddable":true,"href":"https:\/\/jorgezanoni.com.br\/2019\/wp-json\/wp\/v2\/tags?post=12121"}],"curies":[{"name":"wp","href":"https:\/\/api.w.org\/{rel}","templated":true}]}}