{"id":1212,"date":"2019-07-21T17:28:19","date_gmt":"2019-07-21T17:28:19","guid":{"rendered":"http:\/\/jorgezanoni.com.br\/2019\/?p=1212"},"modified":"2019-07-22T20:50:21","modified_gmt":"2019-07-22T20:50:21","slug":"motoristas-que-ultrapassam-40-km-h-em-pracas-de-pedagios-sao-multados-na-regiao-de-bauru","status":"publish","type":"post","link":"https:\/\/jorgezanoni.com.br\/2019\/motoristas-que-ultrapassam-40-km-h-em-pracas-de-pedagios-sao-multados-na-regiao-de-bauru\/","title":{"rendered":"Motoristas que ultrapassam 40 km\/h em pra\u00e7as de ped\u00e1gios s\u00e3o multados na regi\u00e3o de Bauru"},"content":{"rendered":"<h2 class=\"content-head__subtitle\"><strong>Segundo o Departamento de Estradas e Rodagens (DER), na pra\u00e7a de Ja\u00fa (SP) foram 2.349 autua\u00e7\u00f5es por excesso de velocidade por passagem nas cancelas.<\/strong><\/h2>\n<div class=\"mc-column content-text active-extra-styles \" data-block-type=\"unstyled\" data-block-weight=\"27\" data-block-id=\"2\">\n<p class=\"content-text__container \" data-track-category=\"Link no Texto\" data-track-links=\"\">Uma lei imposta na regi\u00e3o de Bauru (SP) desde fevereiro aplica multas aos motoristas que passarem nas cancelas autom\u00e1ticas das pra\u00e7as de ped\u00e1gio acima de 40 Km\/h.<\/p>\n<\/div>\n<div class=\"wall protected-content\">\n<div class=\"mc-column content-text active-extra-styles \" data-block-type=\"unstyled\" data-block-weight=\"47\" data-block-id=\"3\">\n<p class=\"content-text__container \" data-track-category=\"Link no Texto\" data-track-links=\"\">Segundo o Departamento de Estradas e Rodagens (DER), que \u00e9 o \u00f3rg\u00e3o respons\u00e1vel por emitir as multas, na pra\u00e7a em Ja\u00fa (SP) j\u00e1 foram expedidas 2.349 autua\u00e7\u00f5es por excesso de velocidade por passagem nas cancelas. Somando com outras pra\u00e7as da concession\u00e1ria, as autua\u00e7\u00f5es passam de 6.300.<\/p>\n<\/div>\n<div class=\"mc-column content-text active-extra-styles \" data-block-type=\"unstyled\" data-block-weight=\"44\" data-block-id=\"4\">\n<p class=\"content-text__container \" data-track-category=\"Link no Texto\" data-track-links=\"\">Os motoristas que passam na Rodovia Ot\u00e1vio Pacheco de Almeida Prado (SP-255), no trecho entre Barra Bonita e Ja\u00fa (SP), s\u00e3o informados que ser\u00e3o multados se n\u00e3o obedecerem a sinaliza\u00e7\u00e3o nas pistas autom\u00e1ticas, nas pra\u00e7as de ped\u00e1gio da concession\u00e1ria que cobre 285 quil\u00f4metros.<\/p>\n<\/div>\n<div class=\"mc-column content-text active-extra-styles \" data-block-type=\"unstyled\" data-block-weight=\"23\" data-block-id=\"5\">\n<p class=\"content-text__container \" data-track-category=\"Link no Texto\" data-track-links=\"\">A velocidade m\u00e1xima \u00e9 de 40 Km\/h e, desde que a concession\u00e1ria come\u00e7ou a operar, milhares de multas foram aplicadas na rodovia.<\/p>\n<\/div>\n<div class=\"mc-column content-text active-extra-styles \" data-block-type=\"unstyled\" data-block-weight=\"24\" data-block-id=\"6\">\n<p class=\"content-text__container \" data-track-category=\"Link no Texto\" data-track-links=\"\">Emerson C\u00e9spedes, analista de sistemas, conta que j\u00e1 foi multado duas vezes nos \u00faltimos meses por cometer excesso de velocidade ao passar pelas cancelas.<\/p>\n<\/div>\n<div class=\"mc-column content-text active-extra-styles \" data-block-type=\"unstyled\" data-block-weight=\"25\" data-block-id=\"7\">\n<p class=\"content-text__container \" data-track-category=\"Link no Texto\" data-track-links=\"\">Em uma das vezes, o radar acusou velocidade de 45 Km\/h. Em outra, 52 Km\/h. Ele alega que paga a tarifa s\u00f3 na cabine.<\/p>\n<\/div>\n<div class=\"mc-column content-text active-extra-styles \" data-block-type=\"unstyled\" data-block-weight=\"28\" data-block-id=\"8\">\n<p class=\"content-text__container \" data-track-category=\"Link no Texto\" data-track-links=\"\">&#8220;Eu achei que a multa era apenas na cancela autom\u00e1tica, e n\u00e3o manual. N\u00e3o est\u00e1 claro este aviso Teria que padronizar a velocidade, n\u00e3o apenas na autom\u00e1tica&#8221;, explica.<\/p>\n<div class=\"mc-column content-text active-extra-styles \" data-block-type=\"unstyled\" data-block-weight=\"21\" data-block-id=\"11\">\n<p class=\"content-text__container \" data-track-category=\"Link no Texto\" data-track-links=\"\">Por\u00e9m, a a concession\u00e1ria Arteris Via Paulista esclareceu que o limite de velocidade vale para todas as cabines de ped\u00e1gio.<\/p>\n<\/div>\n<div class=\"mc-column content-text active-extra-styles \" data-block-type=\"unstyled\" data-block-weight=\"46\" data-block-id=\"12\">\n<p class=\"content-text__container \" data-track-category=\"Link no Texto\" data-track-links=\"\">O motorista que excede a velocidade em at\u00e9 25% do limite paga multa no valor de R$ 130, e perde quatro pontos na carteira. De 20% a 50% do limite, o valor da multa \u00e9 de R$ 195 reais e perda de cinco pontos na CNH.<\/p>\n<\/div>\n<div class=\"mc-column content-text active-extra-styles \" data-block-type=\"unstyled\" data-block-weight=\"30\" data-block-id=\"13\">\n<p class=\"content-text__container \" data-track-category=\"Link no Texto\" data-track-links=\"\">Acima de 50% do limite, a multa tem valor de R$ 880 e a perda \u00e9 de sete pontos na carteira, al\u00e9m de apreens\u00e3o e suspens\u00e3o da carteira.<\/p>\n<\/div>\n<div class=\"mc-column content-text active-extra-styles \" data-block-type=\"unstyled\" data-block-weight=\"27\" data-block-id=\"14\">\n<p class=\"content-text__container \" data-track-category=\"Link no Texto\" data-track-links=\"\">O Sidnei Akiyama \u00e9 taxista e diz que, para n\u00e3o ter problemas com multas, sempre evita passar a mais de 40 Km\/h nas cancelas das pistas autom\u00e1ticas.<\/p>\n<\/div>\n<div class=\"mc-column content-text active-extra-styles \" data-block-type=\"unstyled\" data-block-weight=\"26\" data-block-id=\"15\">\n<p class=\"content-text__container \" data-track-category=\"Link no Texto\" data-track-links=\"\">&#8220;N\u00f3s j\u00e1 temos que pagar o ped\u00e1gio, e mais uma multa complica. Vamos torcer para que n\u00e3o sejamos multados&#8221;, conta em entrevista o taxista Sidnei Akiyama.<\/p>\n<\/div>\n<div class=\"mc-column content-text active-extra-styles \" data-block-type=\"unstyled\" data-block-weight=\"38\" data-block-id=\"16\">\n<p class=\"content-text__container \" data-track-category=\"Link no Texto\" data-track-links=\"\">Neiton Almeida \u00e9 marceneiro e diz que multar quem passa a mais de 40 por hora nas cancelas de ped\u00e1gio \u00e9 algo discut\u00edvel. &#8220;\u00c9 mais uma multa para o bolso do trabalhador. \u00c9 uma ind\u00fastria da multa&#8221;, comenta.<\/p>\n<p data-track-category=\"Link no Texto\" data-track-links=\"\">Fonte: G1<\/p>\n<\/div>\n<\/div>\n<\/div>\n","protected":false},"excerpt":{"rendered":"<p>Segundo o Departamento de Estradas e Rodagens (DER), na pra\u00e7a de Ja\u00fa (SP) foram 2.349 autua\u00e7\u00f5es por excesso de velocidade por passagem nas cancelas. Uma lei imposta na regi\u00e3o de Bauru (SP) desde fevereiro aplica multas aos motoristas que passarem nas cancelas autom\u00e1ticas das pra\u00e7as de ped\u00e1gio acima de 40 Km\/h. Segundo o Departamento de [&hellip;]<\/p>\n","protected":false},"author":1,"featured_media":1213,"comment_status":"open","ping_status":"open","sticky":false,"template":"","format":"standard","meta":{"footnotes":""},"categories":[1],"tags":[],"class_list":["post-1212","post","type-post","status-publish","format-standard","has-post-thumbnail","hentry","category-uncategorized"],"_links":{"self":[{"href":"https:\/\/jorgezanoni.com.br\/2019\/wp-json\/wp\/v2\/posts\/1212","targetHints":{"allow":["GET"]}}],"collection":[{"href":"https:\/\/jorgezanoni.com.br\/2019\/wp-json\/wp\/v2\/posts"}],"about":[{"href":"https:\/\/jorgezanoni.com.br\/2019\/wp-json\/wp\/v2\/types\/post"}],"author":[{"embeddable":true,"href":"https:\/\/jorgezanoni.com.br\/2019\/wp-json\/wp\/v2\/users\/1"}],"replies":[{"embeddable":true,"href":"https:\/\/jorgezanoni.com.br\/2019\/wp-json\/wp\/v2\/comments?post=1212"}],"version-history":[{"count":0,"href":"https:\/\/jorgezanoni.com.br\/2019\/wp-json\/wp\/v2\/posts\/1212\/revisions"}],"wp:featuredmedia":[{"embeddable":true,"href":"https:\/\/jorgezanoni.com.br\/2019\/wp-json\/wp\/v2\/media\/1213"}],"wp:attachment":[{"href":"https:\/\/jorgezanoni.com.br\/2019\/wp-json\/wp\/v2\/media?parent=1212"}],"wp:term":[{"taxonomy":"category","embeddable":true,"href":"https:\/\/jorgezanoni.com.br\/2019\/wp-json\/wp\/v2\/categories?post=1212"},{"taxonomy":"post_tag","embeddable":true,"href":"https:\/\/jorgezanoni.com.br\/2019\/wp-json\/wp\/v2\/tags?post=1212"}],"curies":[{"name":"wp","href":"https:\/\/api.w.org\/{rel}","templated":true}]}}