{"id":12109,"date":"2019-11-24T00:38:15","date_gmt":"2019-11-24T00:38:15","guid":{"rendered":"https:\/\/jorgezanoni.com.br\/2019\/?p=12109"},"modified":"2019-11-24T00:41:02","modified_gmt":"2019-11-24T00:41:02","slug":"tres-pessoas-morrem-em-acidente-entre-carro-e-caminhao-em-trevo-da-br-153","status":"publish","type":"post","link":"https:\/\/jorgezanoni.com.br\/2019\/tres-pessoas-morrem-em-acidente-entre-carro-e-caminhao-em-trevo-da-br-153\/","title":{"rendered":"Tr\u00eas pessoas morrem em acidente entre carro e caminh\u00e3o em trevo da BR-153"},"content":{"rendered":"<h2 class=\"content-head__subtitle\" style=\"text-align: justify;\"><strong>Acidente envolveu um caminh\u00e3o e um carro em um trevo da rodovia em Nova Granada (SP).<\/strong><\/h2>\n<div class=\"mc-column content-text active-extra-styles \" data-block-type=\"unstyled\" data-block-weight=\"35\" data-block-id=\"2\">\n<p class=\"content-text__container \" style=\"text-align: justify;\" data-track-category=\"Link no Texto\" data-track-links=\"\">Tr\u00eas pessoas morreram em um acidente neste s\u00e1bado (23) na Rodovia BR-153, em um dos trevos de acesso de Nova Granada (SP). O acidente envolveu um caminh\u00e3o e um carro no quil\u00f4metro 27,8 da pista.<\/p>\n<p data-track-category=\"Link no Texto\" data-track-links=\"\"><img loading=\"lazy\" decoding=\"async\" class=\"alignnone size-full wp-image-12110\" src=\"https:\/\/jorgezanoni.com.br\/2019\/wp-content\/uploads\/2019\/11\/grana1-1.jpg\" alt=\"\" width=\"1200\" height=\"667\" srcset=\"https:\/\/jorgezanoni.com.br\/2019\/wp-content\/uploads\/2019\/11\/grana1-1.jpg 1200w, https:\/\/jorgezanoni.com.br\/2019\/wp-content\/uploads\/2019\/11\/grana1-1-300x167.jpg 300w, https:\/\/jorgezanoni.com.br\/2019\/wp-content\/uploads\/2019\/11\/grana1-1-768x427.jpg 768w, https:\/\/jorgezanoni.com.br\/2019\/wp-content\/uploads\/2019\/11\/grana1-1-1024x569.jpg 1024w, https:\/\/jorgezanoni.com.br\/2019\/wp-content\/uploads\/2019\/11\/grana1-1-696x387.jpg 696w, https:\/\/jorgezanoni.com.br\/2019\/wp-content\/uploads\/2019\/11\/grana1-1-1068x594.jpg 1068w, https:\/\/jorgezanoni.com.br\/2019\/wp-content\/uploads\/2019\/11\/grana1-1-756x420.jpg 756w\" sizes=\"auto, (max-width: 1200px) 100vw, 1200px\" \/>Carro onde as v\u00edtimas estavam ao cruzar trevo de Nova Granada \u2014 Foto: Jo\u00e3o Selare\/TV TEM<\/p>\n<\/div>\n<div class=\"wall protected-content\">\n<div class=\"mc-column content-text active-extra-styles \" style=\"text-align: justify;\" data-block-type=\"unstyled\" data-block-weight=\"39\" data-block-id=\"3\">\n<p class=\"content-text__container \" data-track-category=\"Link no Texto\" data-track-links=\"\">Segundo informa\u00e7\u00f5es da Pol\u00edcia Rodovi\u00e1ria Federal, o caminh\u00e3o carregado com brita seguia em dire\u00e7\u00e3o a S\u00e3o Jos\u00e9 do Rio Preto (SP) quando atingiu o carro, que teria cruzado a pista. No ve\u00edculo estavam quatro pessoas da mesma fam\u00edlia.<\/p>\n<\/div>\n<div class=\"mc-column content-text active-extra-styles \" data-block-type=\"unstyled\" data-block-weight=\"29\" data-block-id=\"4\">\n<p class=\"content-text__container \" style=\"text-align: justify;\" data-track-category=\"Link no Texto\" data-track-links=\"\">De acordo com a pol\u00edcia, com a batida, o caminh\u00e3o cruzou a pista e foi parar em cima de um barranco. Parte da carga ficou espalhada pelo local.<\/p>\n<div class=\"mc-column content-text active-extra-styles \" style=\"text-align: justify;\" data-block-type=\"unstyled\" data-block-weight=\"24\" data-block-id=\"6\">\n<p class=\"content-text__container \" data-track-category=\"Link no Texto\" data-track-links=\"\">A cabine do caminh\u00e3o ficou destru\u00edda e o motorista ainda chegou a ser socorrido. N\u00e3o h\u00e1 informa\u00e7\u00f5es sobre o estado de sa\u00fade dele.<\/p>\n<\/div>\n<div class=\"mc-column content-text active-extra-styles \" style=\"text-align: justify;\" data-block-type=\"unstyled\" data-block-weight=\"43\" data-block-id=\"7\">\n<p class=\"content-text__container \" data-track-category=\"Link no Texto\" data-track-links=\"\">J\u00e1 a lateral do carro ficou totalmente destru\u00edda. Apenas uma senhora que estava no banco da frente sobreviveu e est\u00e1 internada em um hospital. O irm\u00e3o dela Romildo Garcia, a sobrinha dele Arlete Castilho e a filha de Arlete, Paula Castilho n\u00e3o resistiram.<\/p>\n<\/div>\n<div class=\"row medium-uncollapsed content-media content-photo\" data-block-type=\"backstage-photo\" data-block-id=\"8\">\n<div class=\"mc-column content-media__container\">\n<div class=\"progressive-img can-open-lightbox\" style=\"text-align: justify;\" data-min-size=\"1008x560\" data-min-size-url=\"https:\/\/s2.glbimg.com\/rD1_16ohm_w581PPMOnWzIL3_Ko=\/0x0:1195x664\/1008x0\/smart\/filters:strip_icc()\/i.s3.glbimg.com\/v1\/AUTH_59edd422c0c84a879bd37670ae4f538a\/internal_photos\/bs\/2019\/e\/v\/hKKmGEQOezZYmmRFR8pQ\/acidente-grave-ng2.jpg\" data-max-size=\"1600x889\" data-max-size-url=\"https:\/\/s2.glbimg.com\/DWYeCjWjkjCQRW38_6FqHxtov7g=\/0x0:1195x664\/1600x0\/smart\/filters:strip_icc()\/i.s3.glbimg.com\/v1\/AUTH_59edd422c0c84a879bd37670ae4f538a\/internal_photos\/bs\/2019\/e\/v\/hKKmGEQOezZYmmRFR8pQ\/acidente-grave-ng2.jpg\" data-media-index=\"1\">Fonte: G1<\/div>\n<\/div>\n<\/div>\n<\/div>\n<\/div>\n","protected":false},"excerpt":{"rendered":"<p>Acidente envolveu um caminh\u00e3o e um carro em um trevo da rodovia em Nova Granada (SP). Tr\u00eas pessoas morreram em um acidente neste s\u00e1bado (23) na Rodovia BR-153, em um dos trevos de acesso de Nova Granada (SP). O acidente envolveu um caminh\u00e3o e um carro no quil\u00f4metro 27,8 da pista. Carro onde as v\u00edtimas [&hellip;]<\/p>\n","protected":false},"author":1,"featured_media":12111,"comment_status":"closed","ping_status":"open","sticky":false,"template":"","format":"standard","meta":{"footnotes":""},"categories":[170,110],"tags":[],"class_list":["post-12109","post","type-post","status-publish","format-standard","has-post-thumbnail","hentry","category-acidentes","category-noticiasdestaque"],"_links":{"self":[{"href":"https:\/\/jorgezanoni.com.br\/2019\/wp-json\/wp\/v2\/posts\/12109","targetHints":{"allow":["GET"]}}],"collection":[{"href":"https:\/\/jorgezanoni.com.br\/2019\/wp-json\/wp\/v2\/posts"}],"about":[{"href":"https:\/\/jorgezanoni.com.br\/2019\/wp-json\/wp\/v2\/types\/post"}],"author":[{"embeddable":true,"href":"https:\/\/jorgezanoni.com.br\/2019\/wp-json\/wp\/v2\/users\/1"}],"replies":[{"embeddable":true,"href":"https:\/\/jorgezanoni.com.br\/2019\/wp-json\/wp\/v2\/comments?post=12109"}],"version-history":[{"count":0,"href":"https:\/\/jorgezanoni.com.br\/2019\/wp-json\/wp\/v2\/posts\/12109\/revisions"}],"wp:featuredmedia":[{"embeddable":true,"href":"https:\/\/jorgezanoni.com.br\/2019\/wp-json\/wp\/v2\/media\/12111"}],"wp:attachment":[{"href":"https:\/\/jorgezanoni.com.br\/2019\/wp-json\/wp\/v2\/media?parent=12109"}],"wp:term":[{"taxonomy":"category","embeddable":true,"href":"https:\/\/jorgezanoni.com.br\/2019\/wp-json\/wp\/v2\/categories?post=12109"},{"taxonomy":"post_tag","embeddable":true,"href":"https:\/\/jorgezanoni.com.br\/2019\/wp-json\/wp\/v2\/tags?post=12109"}],"curies":[{"name":"wp","href":"https:\/\/api.w.org\/{rel}","templated":true}]}}