{"id":12046,"date":"2019-11-23T17:02:24","date_gmt":"2019-11-23T17:02:24","guid":{"rendered":"https:\/\/jorgezanoni.com.br\/2019\/?p=12046"},"modified":"2019-11-23T17:02:24","modified_gmt":"2019-11-23T17:02:24","slug":"veiculo-e-van-com-pacientes-de-panorama-batem-e-deixam-8-pessoas-feridas-2-graves","status":"publish","type":"post","link":"https:\/\/jorgezanoni.com.br\/2019\/veiculo-e-van-com-pacientes-de-panorama-batem-e-deixam-8-pessoas-feridas-2-graves\/","title":{"rendered":"Ve\u00edculo e Van com pacientes de Panorama batem e deixam 8 pessoas feridas, 2 graves"},"content":{"rendered":"<p style=\"text-align: justify;\"><strong>Van da Secretar\u00eda Municipal de Panorama que transportava pacientes e ve\u00edculo Corolla bateram lateralmente.<\/strong><\/p>\n<p><img loading=\"lazy\" decoding=\"async\" class=\"alignnone size-full wp-image-12047\" src=\"https:\/\/jorgezanoni.com.br\/2019\/wp-content\/uploads\/2019\/11\/van1.jpg\" alt=\"\" width=\"1152\" height=\"864\" srcset=\"https:\/\/jorgezanoni.com.br\/2019\/wp-content\/uploads\/2019\/11\/van1.jpg 1152w, https:\/\/jorgezanoni.com.br\/2019\/wp-content\/uploads\/2019\/11\/van1-300x225.jpg 300w, https:\/\/jorgezanoni.com.br\/2019\/wp-content\/uploads\/2019\/11\/van1-768x576.jpg 768w, https:\/\/jorgezanoni.com.br\/2019\/wp-content\/uploads\/2019\/11\/van1-1024x768.jpg 1024w, https:\/\/jorgezanoni.com.br\/2019\/wp-content\/uploads\/2019\/11\/van1-80x60.jpg 80w, https:\/\/jorgezanoni.com.br\/2019\/wp-content\/uploads\/2019\/11\/van1-265x198.jpg 265w, https:\/\/jorgezanoni.com.br\/2019\/wp-content\/uploads\/2019\/11\/van1-696x522.jpg 696w, https:\/\/jorgezanoni.com.br\/2019\/wp-content\/uploads\/2019\/11\/van1-1068x801.jpg 1068w, https:\/\/jorgezanoni.com.br\/2019\/wp-content\/uploads\/2019\/11\/van1-560x420.jpg 560w\" sizes=\"auto, (max-width: 1152px) 100vw, 1152px\" \/><\/p>\n<p style=\"text-align: justify;\">Por volta de 05:30 Horas deste s\u00e1bado (23), Foi registrado um acidente com v\u00edtimas na rodovia Cmte. Jo\u00e3o Ribeiro de Barros, SP-294, no Km. 677 + 700 metros, munic\u00edpio de Santa Mercedes, local pr\u00f3ximo conhecido como Isca do Baiano.<\/p>\n<p><img loading=\"lazy\" decoding=\"async\" class=\"alignnone size-full wp-image-12048\" src=\"https:\/\/jorgezanoni.com.br\/2019\/wp-content\/uploads\/2019\/11\/Van.jpg\" alt=\"\" width=\"864\" height=\"1152\" srcset=\"https:\/\/jorgezanoni.com.br\/2019\/wp-content\/uploads\/2019\/11\/Van.jpg 864w, https:\/\/jorgezanoni.com.br\/2019\/wp-content\/uploads\/2019\/11\/Van-225x300.jpg 225w, https:\/\/jorgezanoni.com.br\/2019\/wp-content\/uploads\/2019\/11\/Van-768x1024.jpg 768w, https:\/\/jorgezanoni.com.br\/2019\/wp-content\/uploads\/2019\/11\/Van-696x928.jpg 696w, https:\/\/jorgezanoni.com.br\/2019\/wp-content\/uploads\/2019\/11\/Van-315x420.jpg 315w\" sizes=\"auto, (max-width: 864px) 100vw, 864px\" \/><\/p>\n<p style=\"text-align: justify;\">Segundo informa\u00e7\u00f5es obtidas pela reportagem do Site JZ, um veiculo Corolla placas de Presidente Prudente dirigido pela moradora de Panorama C.A.S.F de 26 anos, fazia o sentido Dracena a Panorama, quando houve a colis\u00e3o lateral com uma Van que era dirigida por E.J.M.H. de 47 anos que fazia o sentido contr\u00e1rio, acontecendo uma colis\u00e3o lateral. Na Van estavam o motorista mais 12 pacientes que seguiam para Dracena e Presidente Prudente.<\/p>\n<p style=\"text-align: justify;\">Com o impacto da batida, a Van tombou al\u00e9m do acostamento deixando 8 pessoas feridas, sendo duas em estado grave. Todos os feridos foram atendidos no Pronto Atendimento de Panorama, sendo que um jovem de 16 anos em estado grave, foi transferido para a Santa Casa de Dracena com ferimentos no abd\u00f4men.<\/p>\n<p style=\"text-align: justify;\"><img loading=\"lazy\" decoding=\"async\" class=\"alignnone size-full wp-image-12049\" src=\"https:\/\/jorgezanoni.com.br\/2019\/wp-content\/uploads\/2019\/11\/van2.jpg\" alt=\"\" width=\"1152\" height=\"864\" srcset=\"https:\/\/jorgezanoni.com.br\/2019\/wp-content\/uploads\/2019\/11\/van2.jpg 1152w, https:\/\/jorgezanoni.com.br\/2019\/wp-content\/uploads\/2019\/11\/van2-300x225.jpg 300w, https:\/\/jorgezanoni.com.br\/2019\/wp-content\/uploads\/2019\/11\/van2-768x576.jpg 768w, https:\/\/jorgezanoni.com.br\/2019\/wp-content\/uploads\/2019\/11\/van2-1024x768.jpg 1024w, https:\/\/jorgezanoni.com.br\/2019\/wp-content\/uploads\/2019\/11\/van2-80x60.jpg 80w, https:\/\/jorgezanoni.com.br\/2019\/wp-content\/uploads\/2019\/11\/van2-265x198.jpg 265w, https:\/\/jorgezanoni.com.br\/2019\/wp-content\/uploads\/2019\/11\/van2-696x522.jpg 696w, https:\/\/jorgezanoni.com.br\/2019\/wp-content\/uploads\/2019\/11\/van2-1068x801.jpg 1068w, https:\/\/jorgezanoni.com.br\/2019\/wp-content\/uploads\/2019\/11\/van2-560x420.jpg 560w\" sizes=\"auto, (max-width: 1152px) 100vw, 1152px\" \/><\/p>\n<p style=\"text-align: justify;\">A motorista do Corolla que estava sozinha no ve\u00edculo e o motorista da Van tiveram apenas escoria\u00e7\u00f5es.<\/p>\n<p style=\"text-align: justify;\">A Pol\u00edcia Militar Base Operacional de Adamantina, componentes da Unidade B\u00e1sica de Atendimento (Uba), Corpo de Bombeiros de Dracena e Pol\u00edcia T\u00e9cnica que vai apurar as reais causas do acidente, estiveram no local.<\/p>\n<p><img loading=\"lazy\" decoding=\"async\" class=\"alignnone size-full wp-image-12050\" src=\"https:\/\/jorgezanoni.com.br\/2019\/wp-content\/uploads\/2019\/11\/van3.jpg\" alt=\"\" width=\"864\" height=\"1152\" srcset=\"https:\/\/jorgezanoni.com.br\/2019\/wp-content\/uploads\/2019\/11\/van3.jpg 864w, https:\/\/jorgezanoni.com.br\/2019\/wp-content\/uploads\/2019\/11\/van3-225x300.jpg 225w, https:\/\/jorgezanoni.com.br\/2019\/wp-content\/uploads\/2019\/11\/van3-768x1024.jpg 768w, https:\/\/jorgezanoni.com.br\/2019\/wp-content\/uploads\/2019\/11\/van3-696x928.jpg 696w, https:\/\/jorgezanoni.com.br\/2019\/wp-content\/uploads\/2019\/11\/van3-315x420.jpg 315w\" sizes=\"auto, (max-width: 864px) 100vw, 864px\" \/> <img loading=\"lazy\" decoding=\"async\" class=\"alignnone size-full wp-image-12051\" src=\"https:\/\/jorgezanoni.com.br\/2019\/wp-content\/uploads\/2019\/11\/van4.jpg\" alt=\"\" width=\"1152\" height=\"864\" srcset=\"https:\/\/jorgezanoni.com.br\/2019\/wp-content\/uploads\/2019\/11\/van4.jpg 1152w, https:\/\/jorgezanoni.com.br\/2019\/wp-content\/uploads\/2019\/11\/van4-300x225.jpg 300w, https:\/\/jorgezanoni.com.br\/2019\/wp-content\/uploads\/2019\/11\/van4-768x576.jpg 768w, https:\/\/jorgezanoni.com.br\/2019\/wp-content\/uploads\/2019\/11\/van4-1024x768.jpg 1024w, https:\/\/jorgezanoni.com.br\/2019\/wp-content\/uploads\/2019\/11\/van4-80x60.jpg 80w, https:\/\/jorgezanoni.com.br\/2019\/wp-content\/uploads\/2019\/11\/van4-265x198.jpg 265w, https:\/\/jorgezanoni.com.br\/2019\/wp-content\/uploads\/2019\/11\/van4-696x522.jpg 696w, https:\/\/jorgezanoni.com.br\/2019\/wp-content\/uploads\/2019\/11\/van4-1068x801.jpg 1068w, https:\/\/jorgezanoni.com.br\/2019\/wp-content\/uploads\/2019\/11\/van4-560x420.jpg 560w\" sizes=\"auto, (max-width: 1152px) 100vw, 1152px\" \/> <img loading=\"lazy\" decoding=\"async\" class=\"alignnone size-full wp-image-12052\" src=\"https:\/\/jorgezanoni.com.br\/2019\/wp-content\/uploads\/2019\/11\/van5.jpg\" alt=\"\" width=\"1152\" height=\"864\" srcset=\"https:\/\/jorgezanoni.com.br\/2019\/wp-content\/uploads\/2019\/11\/van5.jpg 1152w, https:\/\/jorgezanoni.com.br\/2019\/wp-content\/uploads\/2019\/11\/van5-300x225.jpg 300w, https:\/\/jorgezanoni.com.br\/2019\/wp-content\/uploads\/2019\/11\/van5-768x576.jpg 768w, https:\/\/jorgezanoni.com.br\/2019\/wp-content\/uploads\/2019\/11\/van5-1024x768.jpg 1024w, https:\/\/jorgezanoni.com.br\/2019\/wp-content\/uploads\/2019\/11\/van5-80x60.jpg 80w, https:\/\/jorgezanoni.com.br\/2019\/wp-content\/uploads\/2019\/11\/van5-265x198.jpg 265w, https:\/\/jorgezanoni.com.br\/2019\/wp-content\/uploads\/2019\/11\/van5-696x522.jpg 696w, https:\/\/jorgezanoni.com.br\/2019\/wp-content\/uploads\/2019\/11\/van5-1068x801.jpg 1068w, https:\/\/jorgezanoni.com.br\/2019\/wp-content\/uploads\/2019\/11\/van5-560x420.jpg 560w\" sizes=\"auto, (max-width: 1152px) 100vw, 1152px\" \/> <img loading=\"lazy\" decoding=\"async\" class=\"alignnone size-full wp-image-12053\" src=\"https:\/\/jorgezanoni.com.br\/2019\/wp-content\/uploads\/2019\/11\/van6.jpg\" alt=\"\" width=\"870\" height=\"522\" srcset=\"https:\/\/jorgezanoni.com.br\/2019\/wp-content\/uploads\/2019\/11\/van6.jpg 870w, https:\/\/jorgezanoni.com.br\/2019\/wp-content\/uploads\/2019\/11\/van6-300x180.jpg 300w, https:\/\/jorgezanoni.com.br\/2019\/wp-content\/uploads\/2019\/11\/van6-768x461.jpg 768w, https:\/\/jorgezanoni.com.br\/2019\/wp-content\/uploads\/2019\/11\/van6-696x418.jpg 696w, https:\/\/jorgezanoni.com.br\/2019\/wp-content\/uploads\/2019\/11\/van6-700x420.jpg 700w\" sizes=\"auto, (max-width: 870px) 100vw, 870px\" \/> <img loading=\"lazy\" decoding=\"async\" class=\"alignnone size-full wp-image-12054\" src=\"https:\/\/jorgezanoni.com.br\/2019\/wp-content\/uploads\/2019\/11\/van7.jpg\" alt=\"\" width=\"870\" height=\"522\" srcset=\"https:\/\/jorgezanoni.com.br\/2019\/wp-content\/uploads\/2019\/11\/van7.jpg 870w, https:\/\/jorgezanoni.com.br\/2019\/wp-content\/uploads\/2019\/11\/van7-300x180.jpg 300w, https:\/\/jorgezanoni.com.br\/2019\/wp-content\/uploads\/2019\/11\/van7-768x461.jpg 768w, https:\/\/jorgezanoni.com.br\/2019\/wp-content\/uploads\/2019\/11\/van7-696x418.jpg 696w, https:\/\/jorgezanoni.com.br\/2019\/wp-content\/uploads\/2019\/11\/van7-700x420.jpg 700w\" sizes=\"auto, (max-width: 870px) 100vw, 870px\" \/> <img loading=\"lazy\" decoding=\"async\" class=\"alignnone size-full wp-image-12055\" src=\"https:\/\/jorgezanoni.com.br\/2019\/wp-content\/uploads\/2019\/11\/van8.jpg\" alt=\"\" width=\"870\" height=\"522\" srcset=\"https:\/\/jorgezanoni.com.br\/2019\/wp-content\/uploads\/2019\/11\/van8.jpg 870w, https:\/\/jorgezanoni.com.br\/2019\/wp-content\/uploads\/2019\/11\/van8-300x180.jpg 300w, https:\/\/jorgezanoni.com.br\/2019\/wp-content\/uploads\/2019\/11\/van8-768x461.jpg 768w, https:\/\/jorgezanoni.com.br\/2019\/wp-content\/uploads\/2019\/11\/van8-696x418.jpg 696w, https:\/\/jorgezanoni.com.br\/2019\/wp-content\/uploads\/2019\/11\/van8-700x420.jpg 700w\" sizes=\"auto, (max-width: 870px) 100vw, 870px\" \/> <img loading=\"lazy\" decoding=\"async\" class=\"alignnone size-full wp-image-12056\" src=\"https:\/\/jorgezanoni.com.br\/2019\/wp-content\/uploads\/2019\/11\/van9.jpg\" alt=\"\" width=\"870\" height=\"522\" srcset=\"https:\/\/jorgezanoni.com.br\/2019\/wp-content\/uploads\/2019\/11\/van9.jpg 870w, https:\/\/jorgezanoni.com.br\/2019\/wp-content\/uploads\/2019\/11\/van9-300x180.jpg 300w, https:\/\/jorgezanoni.com.br\/2019\/wp-content\/uploads\/2019\/11\/van9-768x461.jpg 768w, https:\/\/jorgezanoni.com.br\/2019\/wp-content\/uploads\/2019\/11\/van9-696x418.jpg 696w, https:\/\/jorgezanoni.com.br\/2019\/wp-content\/uploads\/2019\/11\/van9-700x420.jpg 700w\" sizes=\"auto, (max-width: 870px) 100vw, 870px\" \/><\/p>\n<p style=\"text-align: justify;\">Jorge Zanoni<\/p>\n<p style=\"text-align: justify;\">Fotos de Internauta<\/p>\n<p>&nbsp;<\/p>\n<p>&nbsp;<\/p>\n<p>&nbsp;<\/p>\n<p>&nbsp;<\/p>\n<p style=\"text-align: justify;\">\n<p style=\"text-align: justify;\">Fotos de Internauta<\/p>\n","protected":false},"excerpt":{"rendered":"<p>Van da Secretar\u00eda Municipal de Panorama que transportava pacientes e ve\u00edculo Corolla bateram lateralmente. Por volta de 05:30 Horas deste s\u00e1bado (23), Foi registrado um acidente com v\u00edtimas na rodovia Cmte. Jo\u00e3o Ribeiro de Barros, SP-294, no Km. 677 + 700 metros, munic\u00edpio de Santa Mercedes, local pr\u00f3ximo conhecido como Isca do Baiano. Segundo informa\u00e7\u00f5es [&hellip;]<\/p>\n","protected":false},"author":1,"featured_media":12057,"comment_status":"closed","ping_status":"open","sticky":false,"template":"","format":"standard","meta":{"footnotes":""},"categories":[170,110],"tags":[],"class_list":["post-12046","post","type-post","status-publish","format-standard","has-post-thumbnail","hentry","category-acidentes","category-noticiasdestaque"],"_links":{"self":[{"href":"https:\/\/jorgezanoni.com.br\/2019\/wp-json\/wp\/v2\/posts\/12046","targetHints":{"allow":["GET"]}}],"collection":[{"href":"https:\/\/jorgezanoni.com.br\/2019\/wp-json\/wp\/v2\/posts"}],"about":[{"href":"https:\/\/jorgezanoni.com.br\/2019\/wp-json\/wp\/v2\/types\/post"}],"author":[{"embeddable":true,"href":"https:\/\/jorgezanoni.com.br\/2019\/wp-json\/wp\/v2\/users\/1"}],"replies":[{"embeddable":true,"href":"https:\/\/jorgezanoni.com.br\/2019\/wp-json\/wp\/v2\/comments?post=12046"}],"version-history":[{"count":0,"href":"https:\/\/jorgezanoni.com.br\/2019\/wp-json\/wp\/v2\/posts\/12046\/revisions"}],"wp:featuredmedia":[{"embeddable":true,"href":"https:\/\/jorgezanoni.com.br\/2019\/wp-json\/wp\/v2\/media\/12057"}],"wp:attachment":[{"href":"https:\/\/jorgezanoni.com.br\/2019\/wp-json\/wp\/v2\/media?parent=12046"}],"wp:term":[{"taxonomy":"category","embeddable":true,"href":"https:\/\/jorgezanoni.com.br\/2019\/wp-json\/wp\/v2\/categories?post=12046"},{"taxonomy":"post_tag","embeddable":true,"href":"https:\/\/jorgezanoni.com.br\/2019\/wp-json\/wp\/v2\/tags?post=12046"}],"curies":[{"name":"wp","href":"https:\/\/api.w.org\/{rel}","templated":true}]}}