{"id":12043,"date":"2019-11-22T23:08:56","date_gmt":"2019-11-22T23:08:56","guid":{"rendered":"https:\/\/jorgezanoni.com.br\/2019\/?p=12043"},"modified":"2019-11-22T23:08:56","modified_gmt":"2019-11-22T23:08:56","slug":"camara-entrega-diplomas-de-honra-ao-merito-ao-sargento-benicio-ao-tenente-soares-e-ao-atirador-destaque","status":"publish","type":"post","link":"https:\/\/jorgezanoni.com.br\/2019\/camara-entrega-diplomas-de-honra-ao-merito-ao-sargento-benicio-ao-tenente-soares-e-ao-atirador-destaque\/","title":{"rendered":"C\u00e2mara entrega Diplomas de Honra ao M\u00e9rito ao Sargento Ben\u00edcio, ao Tenente Soares e ao Atirador Destaque"},"content":{"rendered":"<p><strong>Homenagens ser\u00e3o realizadas durante a 38\u00aa sess\u00e3o ordin\u00e1ria.<\/strong><strong>\u00a0\u00a0<\/strong><\/p>\n<p style=\"text-align: justify;\">A sess\u00e3o ordin\u00e1ria desta segunda-feira (25) contar\u00e1 com a entrega de Diplomas de Honra ao M\u00e9rito ao 1\u00ba Sargento\u00a0<strong>Benicio Alves de Souza Junior<\/strong>, Comandante Chefe Instrutor do Tiro de Guerra 02-082, ao 1\u00ba Tenente\u00a0<strong>Valdecir Ferreira Soares<\/strong>, delegado do Servi\u00e7o Militar da 15\u00aa Delegacia da 6\u00aa Circunscri\u00e7\u00e3o e ao Atirador Destaque 2019,\u00a0<strong>Igor Costa Roza<\/strong>, que atingiu o Grau 9,20, m\u00e9dia das men\u00e7\u00f5es alcan\u00e7adas nas provas, testes e conceitos aplicados durante o decorrer do ano de instru\u00e7\u00e3o militar.<\/p>\n<p style=\"text-align: justify;\">O Sargento Ben\u00edcio e o Tenente Soares se despedem este ano de Dracena. O Sargento ir\u00e1 para Juiz de Fora\/MG, ap\u00f3s tr\u00eas anos no Tiro de Guerra, e o Tenente Soares aguarda classifica\u00e7\u00e3o para nova unidade do Ex\u00e9rcito depois de concluir o per\u00edodo de dois anos \u00e0 frente da Delegacia do Servi\u00e7o Militar, que ser\u00e1 desativada. \u00a0Seus diplomas foram de iniciativa dos vereadores Milton Polon e Cl\u00e1udio Jos\u00e9 Pasqualeto e aprovados por unanimidade pelos demais vereadores.<\/p>\n<p style=\"text-align: justify;\"><strong>Sargento Ben\u00edcio<\/strong><strong>\u00a0<\/strong><\/p>\n<p style=\"text-align: justify;\">Em sua carreira profissional conquistou gradua\u00e7\u00f5es e foi condecorado com Medalhas Militares com passadores de Bronze e Prata; de M\u00e9rito Amaz\u00f4nico; de Corpo de Tropa com passadores de Bronze, Prata e Ouro; e de Tiros de Guerra tudo em reconhecimento \u00e0 sua dedica\u00e7\u00e3o e excelentes servi\u00e7os prestados em todas as cidades por onde passou.<\/p>\n<p style=\"text-align: justify;\"><strong>Tenente Soares\u00a0<\/strong><strong>\u00a0<\/strong><\/p>\n<p style=\"text-align: justify;\">Conquistou gradua\u00e7\u00f5es e foi condecorado com Medalhas Militares com passadores de Bronze, Prata e Ouro; Medalha do M\u00e9rito Amaz\u00f4nico; Medalha Marechal Oz\u00f3rio e Medalha de Corpo de Tropa com passadores de Bronze, Prata e Ouro. Participou tamb\u00e9m em diversas miss\u00f5es no espa\u00e7o ocupado pela Amaz\u00f4nia Legal nas fronteiras do Norte do Brasil e em comunidades ind\u00edgenas em socorro \u00e0s vitimas de calamidades e na pacifica\u00e7\u00e3o no Estado do Rio de Janeiro.<\/p>\n<div>\n<div style=\"text-align: justify;\">Talita Villalba<\/div>\n<div style=\"text-align: justify;\">Assessora de Imprensa<\/div>\n<\/div>\n","protected":false},"excerpt":{"rendered":"<p>Homenagens ser\u00e3o realizadas durante a 38\u00aa sess\u00e3o ordin\u00e1ria.\u00a0\u00a0 A sess\u00e3o ordin\u00e1ria desta segunda-feira (25) contar\u00e1 com a entrega de Diplomas de Honra ao M\u00e9rito ao 1\u00ba Sargento\u00a0Benicio Alves de Souza Junior, Comandante Chefe Instrutor do Tiro de Guerra 02-082, ao 1\u00ba Tenente\u00a0Valdecir Ferreira Soares, delegado do Servi\u00e7o Militar da 15\u00aa Delegacia da 6\u00aa Circunscri\u00e7\u00e3o e [&hellip;]<\/p>\n","protected":false},"author":1,"featured_media":12044,"comment_status":"closed","ping_status":"open","sticky":false,"template":"","format":"standard","meta":{"footnotes":""},"categories":[114],"tags":[],"class_list":["post-12043","post","type-post","status-publish","format-standard","has-post-thumbnail","hentry","category-geralecomercio"],"_links":{"self":[{"href":"https:\/\/jorgezanoni.com.br\/2019\/wp-json\/wp\/v2\/posts\/12043","targetHints":{"allow":["GET"]}}],"collection":[{"href":"https:\/\/jorgezanoni.com.br\/2019\/wp-json\/wp\/v2\/posts"}],"about":[{"href":"https:\/\/jorgezanoni.com.br\/2019\/wp-json\/wp\/v2\/types\/post"}],"author":[{"embeddable":true,"href":"https:\/\/jorgezanoni.com.br\/2019\/wp-json\/wp\/v2\/users\/1"}],"replies":[{"embeddable":true,"href":"https:\/\/jorgezanoni.com.br\/2019\/wp-json\/wp\/v2\/comments?post=12043"}],"version-history":[{"count":0,"href":"https:\/\/jorgezanoni.com.br\/2019\/wp-json\/wp\/v2\/posts\/12043\/revisions"}],"wp:featuredmedia":[{"embeddable":true,"href":"https:\/\/jorgezanoni.com.br\/2019\/wp-json\/wp\/v2\/media\/12044"}],"wp:attachment":[{"href":"https:\/\/jorgezanoni.com.br\/2019\/wp-json\/wp\/v2\/media?parent=12043"}],"wp:term":[{"taxonomy":"category","embeddable":true,"href":"https:\/\/jorgezanoni.com.br\/2019\/wp-json\/wp\/v2\/categories?post=12043"},{"taxonomy":"post_tag","embeddable":true,"href":"https:\/\/jorgezanoni.com.br\/2019\/wp-json\/wp\/v2\/tags?post=12043"}],"curies":[{"name":"wp","href":"https:\/\/api.w.org\/{rel}","templated":true}]}}