{"id":12037,"date":"2019-11-22T22:55:47","date_gmt":"2019-11-22T22:55:47","guid":{"rendered":"https:\/\/jorgezanoni.com.br\/2019\/?p=12037"},"modified":"2019-11-22T22:55:47","modified_gmt":"2019-11-22T22:55:47","slug":"desembargador-jose-carlos-ferreira-alves-e-cidadao-honorario-de-dracena","status":"publish","type":"post","link":"https:\/\/jorgezanoni.com.br\/2019\/desembargador-jose-carlos-ferreira-alves-e-cidadao-honorario-de-dracena\/","title":{"rendered":"Desembargador Jos\u00e9 Carlos Ferreira Alves \u00e9 cidad\u00e3o honor\u00e1rio de Dracena"},"content":{"rendered":"<p style=\"text-align: justify;\"><strong>T\u00edtulo foi entregue em sess\u00e3o solene na C\u00e2mara Municipal.<\/strong><strong>\u00a0<\/strong><\/p>\n<p><img loading=\"lazy\" decoding=\"async\" class=\"alignnone size-full wp-image-12038\" src=\"https:\/\/jorgezanoni.com.br\/2019\/wp-content\/uploads\/2019\/11\/titulo.jpg\" alt=\"\" width=\"1600\" height=\"1067\" srcset=\"https:\/\/jorgezanoni.com.br\/2019\/wp-content\/uploads\/2019\/11\/titulo.jpg 1600w, https:\/\/jorgezanoni.com.br\/2019\/wp-content\/uploads\/2019\/11\/titulo-300x200.jpg 300w, https:\/\/jorgezanoni.com.br\/2019\/wp-content\/uploads\/2019\/11\/titulo-768x512.jpg 768w, https:\/\/jorgezanoni.com.br\/2019\/wp-content\/uploads\/2019\/11\/titulo-1024x683.jpg 1024w, https:\/\/jorgezanoni.com.br\/2019\/wp-content\/uploads\/2019\/11\/titulo-696x464.jpg 696w, https:\/\/jorgezanoni.com.br\/2019\/wp-content\/uploads\/2019\/11\/titulo-1068x712.jpg 1068w, https:\/\/jorgezanoni.com.br\/2019\/wp-content\/uploads\/2019\/11\/titulo-630x420.jpg 630w\" sizes=\"auto, (max-width: 1600px) 100vw, 1600px\" \/><\/p>\n<p style=\"text-align: justify;\">Dracena recebeu mais um cidad\u00e3o honor\u00e1rio na noite da \u00faltima quarta-feira (20), na C\u00e2mara Municipal. O homenageado foi o desembargador Jos\u00e9 Carlos Ferreira Alves, diretor dos Centros Judici\u00e1rios de Solu\u00e7\u00e3o de Conflitos e Cidadania (Cejusc) no estado de S\u00e3o Paulo e coordenador do N\u00facleo Permanente de M\u00e9todos Consensuais de Solu\u00e7\u00e3o de Conflitos (Nupemec).<\/p>\n<p style=\"text-align: justify;\">A entrega do T\u00edtulo foi feita durante sess\u00e3o solene na Casa de Leis. Para compor a Mesa Principal, o presidente Milton Polon convidou: o prefeito de Dracena Juliano Brito Bertolini e a primeira dama Ana Carolina M. Cenedesi Bertolini, o homenageado e sua esposa Eliana Ferreira Alves, o juiz do F\u00f3rum de Dracena Marcus Fraz\u00e3o Frota, o comandante do Policiamento do Interior 8 coronel Adilson Franco, o capit\u00e3o Samuel Claudio representando a diretora de Pol\u00edcia coronel Helen dos Santos Reis e a Comandante 25\u00ba BPMI Major Renata Fassina.<\/p>\n<p><img loading=\"lazy\" decoding=\"async\" class=\"alignnone size-full wp-image-12039\" src=\"https:\/\/jorgezanoni.com.br\/2019\/wp-content\/uploads\/2019\/11\/titulo1.jpg\" alt=\"\" width=\"1600\" height=\"1067\" srcset=\"https:\/\/jorgezanoni.com.br\/2019\/wp-content\/uploads\/2019\/11\/titulo1.jpg 1600w, https:\/\/jorgezanoni.com.br\/2019\/wp-content\/uploads\/2019\/11\/titulo1-300x200.jpg 300w, https:\/\/jorgezanoni.com.br\/2019\/wp-content\/uploads\/2019\/11\/titulo1-768x512.jpg 768w, https:\/\/jorgezanoni.com.br\/2019\/wp-content\/uploads\/2019\/11\/titulo1-1024x683.jpg 1024w, https:\/\/jorgezanoni.com.br\/2019\/wp-content\/uploads\/2019\/11\/titulo1-696x464.jpg 696w, https:\/\/jorgezanoni.com.br\/2019\/wp-content\/uploads\/2019\/11\/titulo1-1068x712.jpg 1068w, https:\/\/jorgezanoni.com.br\/2019\/wp-content\/uploads\/2019\/11\/titulo1-630x420.jpg 630w\" sizes=\"auto, (max-width: 1600px) 100vw, 1600px\" \/><\/p>\n<p style=\"text-align: justify;\">A implanta\u00e7\u00e3o em todo o Estado do projeto dracenense &#8220;DNA Conciliado \u00e9 Legal&#8221; foram uma das maiores contribui\u00e7\u00f5es do homenageado para o munic\u00edpio. A aten\u00e7\u00e3o dada e o seu trabalho &#8220;incans\u00e1vel&#8221;, nas palavras do presidente Milton Polon, &#8220;demonstra o car\u00e1ter de sua gest\u00e3o humana e de sua preocupa\u00e7\u00e3o de trazer a Justi\u00e7a mais pr\u00f3xima do cidad\u00e3o.&#8221;<\/p>\n<p style=\"text-align: justify;\">Um dos idealizadores do projeto premiado, o juiz Marcus Fraz\u00e3o, afirmou que desde dezembro de 2017 j\u00e1 foram quase de mil exames de paternidade realizados. &#8220;Vossa Excel\u00eancia teve a sensibilidade de acreditar nele. (&#8230;) Hoje o nosso trabalho p\u00f4de efetivamente fazer a diferen\u00e7a na vida das pessoas.&#8221;<\/p>\n<p style=\"text-align: justify;\">Como forma de ilustrar esse impacto social, o prefeito Juliano citou o exemplo de um de seus ex-alunos que pode ser reconhecido como pai gra\u00e7as \u00e0 iniciativa. &#8220;Ver que todo aquele esfor\u00e7o, agregado a um trabalho humano da Justi\u00e7a (&#8230;), \u00a0 puderam resgatar aquilo que melhor tem uma pessoa, o amor j\u00e1 valeu a pena! Foi isso o que o senhor (desembargador) fez atrav\u00e9s da Justi\u00e7a (&#8230;) p\u00f4de salvar um pai e uma filha por uma vida inteira!&#8221;<\/p>\n<p style=\"text-align: justify;\">Os discursos, proferidos tamb\u00e9m pelo Coronel Adilson Franco, o delegado Feres Cury Karam e a secret\u00e1ria-geral adjunta da OAB\/SP Margarete de C\u00e1ssia Lopes, deixaram o homenageado visivelmente emocionado. Com a voz embargada, agradeceu a todos e disse que nada \u00e9 feito sozinho. &#8220;Agrade\u00e7o a esses treze vereadores que me concederam essa honraria que vai ficar no meu DNA. Pra mim, agora, DNA \u00e9 &#8216;Dracena Nosso Amor'&#8221;, finalizou.<\/p>\n<p style=\"text-align: justify;\">Fonte: Assessoria de Imprensa C\u00e2mara<\/p>\n<div style=\"text-align: justify;\"><\/div>\n","protected":false},"excerpt":{"rendered":"<p>T\u00edtulo foi entregue em sess\u00e3o solene na C\u00e2mara Municipal.\u00a0 Dracena recebeu mais um cidad\u00e3o honor\u00e1rio na noite da \u00faltima quarta-feira (20), na C\u00e2mara Municipal. O homenageado foi o desembargador Jos\u00e9 Carlos Ferreira Alves, diretor dos Centros Judici\u00e1rios de Solu\u00e7\u00e3o de Conflitos e Cidadania (Cejusc) no estado de S\u00e3o Paulo e coordenador do N\u00facleo Permanente de [&hellip;]<\/p>\n","protected":false},"author":1,"featured_media":12041,"comment_status":"closed","ping_status":"open","sticky":false,"template":"","format":"standard","meta":{"footnotes":""},"categories":[110,116],"tags":[],"class_list":["post-12037","post","type-post","status-publish","format-standard","has-post-thumbnail","hentry","category-noticiasdestaque","category-politicaeeconomia"],"_links":{"self":[{"href":"https:\/\/jorgezanoni.com.br\/2019\/wp-json\/wp\/v2\/posts\/12037","targetHints":{"allow":["GET"]}}],"collection":[{"href":"https:\/\/jorgezanoni.com.br\/2019\/wp-json\/wp\/v2\/posts"}],"about":[{"href":"https:\/\/jorgezanoni.com.br\/2019\/wp-json\/wp\/v2\/types\/post"}],"author":[{"embeddable":true,"href":"https:\/\/jorgezanoni.com.br\/2019\/wp-json\/wp\/v2\/users\/1"}],"replies":[{"embeddable":true,"href":"https:\/\/jorgezanoni.com.br\/2019\/wp-json\/wp\/v2\/comments?post=12037"}],"version-history":[{"count":0,"href":"https:\/\/jorgezanoni.com.br\/2019\/wp-json\/wp\/v2\/posts\/12037\/revisions"}],"wp:featuredmedia":[{"embeddable":true,"href":"https:\/\/jorgezanoni.com.br\/2019\/wp-json\/wp\/v2\/media\/12041"}],"wp:attachment":[{"href":"https:\/\/jorgezanoni.com.br\/2019\/wp-json\/wp\/v2\/media?parent=12037"}],"wp:term":[{"taxonomy":"category","embeddable":true,"href":"https:\/\/jorgezanoni.com.br\/2019\/wp-json\/wp\/v2\/categories?post=12037"},{"taxonomy":"post_tag","embeddable":true,"href":"https:\/\/jorgezanoni.com.br\/2019\/wp-json\/wp\/v2\/tags?post=12037"}],"curies":[{"name":"wp","href":"https:\/\/api.w.org\/{rel}","templated":true}]}}