{"id":12031,"date":"2019-11-22T22:32:55","date_gmt":"2019-11-22T22:32:55","guid":{"rendered":"https:\/\/jorgezanoni.com.br\/2019\/?p=12031"},"modified":"2019-11-22T22:40:55","modified_gmt":"2019-11-22T22:40:55","slug":"medicina-da-unifadra-realiza-apresentacoes-de-interacao-ensino-e-saude-na-comunidade","status":"publish","type":"post","link":"https:\/\/jorgezanoni.com.br\/2019\/medicina-da-unifadra-realiza-apresentacoes-de-interacao-ensino-e-saude-na-comunidade\/","title":{"rendered":"Medicina da Unifadra realiza apresenta\u00e7\u00f5es de Intera\u00e7\u00e3o Ensino e Sa\u00fade na Comunidade"},"content":{"rendered":"<p style=\"text-align: justify;\">Os alunos do curso de Medicina da Faculdade Unifadra\/Fundec de Dracena realizaram a Apresenta\u00e7\u00e3o do IESC (Intera\u00e7\u00e3o Ensino e Sa\u00fade na Comunidade), no \u00faltimo dia 14 de novembro, no Audit\u00f3rio &#8220;Prof. Geraldo Mariano Alves&#8221;, na Fundec. Na ocasi\u00e3o, estiveram presentes alunos, professores, coordenadores, diretores da Fundec e representantes da \u00e1rea da Sa\u00fade de Dracena, Junqueir\u00f3polis, Tupi Paulista e Ouro Verde.<br \/>\nOs alunos foram divididos em grupos, que participaram de atividades ao longo do ano e participar\u00e3o no ano de 2020 em unidades de sa\u00fade das cidades acima, tendo contato direto com pacientes do SUS atendidos por essas unidades.<br \/>\nFizeram uso da palavra neste evento a auxiliar de coordena\u00e7\u00e3o\u00a0Profa. Ma. Caroline Venturin Guarin\u00e3o, o diretor do Departamento\u00a0 Regional de Sa\u00fade\u00a0\u00a0(DRS XI) Jorge Chihara, que realizou seu\u00a0pronunciamento com exposi\u00e7\u00e3o de dados de nossa regi\u00e3o.<br \/>\nPedro Henrique Franceschi Pinotii, que atua como m\u00e9dico da fam\u00edlia na ESF 5\u00a0 de Junqueir\u00f3polis, contou sobre sua rotina de trabalho. Houve tamb\u00e9m uma apresenta\u00e7\u00e3o cultural feita pelo aluno\u00a0Randolph Miguel Machado Salazar, que realizou\u00a0um solo de viol\u00e3o da m\u00fasica Malague\u00f1a.<br \/>\nA secret\u00e1ria de sa\u00fade adjunta de Dracena Mirian\u00a0Iasniswki\u00a0e o diretor de sa\u00fade de Junqueir\u00f3polis Ad\u00edlio Bortolato participaram da manh\u00e3 de apresenta\u00e7\u00f5es, al\u00e9m das equipes dos ESF\u00a0onde os alunos desenvolvem as atividades.\u00a0Segundo a coordenadora do curso de Medicina Dra. Marilda de Abreu, os alunos puderam apresentar seus trabalhos, bem como seus resultados e suas avalia\u00e7\u00f5es sobre as realidades vividas na \u00e1rea da sa\u00fade pelas comunidades assistidas. &#8220;Esse projeto busca aproximar o aluno desde o in\u00edcio do curso com a comunidade, fazendo com que participem da realidade que ir\u00e3o enfrentar como m\u00e9dicos&#8221;, destacou a coordenadora.<br \/>\nO IESC da Unifadra \u00e9 coordenado pela m\u00e9dica Profa. Esp. Sandra Maria Braz Sola Deponte, com o aux\u00edlio da enfermeira Profa. Ma. Caroline Venturin Guarin\u00e3o, e tem aux\u00edlio da enfermeira Profa. Ma. Caroline Venturin Guarin\u00e3o<\/p>\n<p style=\"font-weight: 400;\"><img loading=\"lazy\" decoding=\"async\" class=\"alignnone size-full wp-image-12033\" src=\"https:\/\/jorgezanoni.com.br\/2019\/wp-content\/uploads\/2019\/11\/Unifadra1.jpg\" alt=\"\" width=\"800\" height=\"388\" srcset=\"https:\/\/jorgezanoni.com.br\/2019\/wp-content\/uploads\/2019\/11\/Unifadra1.jpg 800w, https:\/\/jorgezanoni.com.br\/2019\/wp-content\/uploads\/2019\/11\/Unifadra1-300x146.jpg 300w, https:\/\/jorgezanoni.com.br\/2019\/wp-content\/uploads\/2019\/11\/Unifadra1-768x372.jpg 768w, https:\/\/jorgezanoni.com.br\/2019\/wp-content\/uploads\/2019\/11\/Unifadra1-696x338.jpg 696w\" sizes=\"auto, (max-width: 800px) 100vw, 800px\" \/><\/p>\n<p style=\"font-weight: 400; text-align: justify;\">Foto: Dra. Sandra Deponte (coordenadora IESC Medicina Unifadra), Dra. Marilda de Abreu (coordenadora do curso de Medicina da Unifadra), Jorge Chihara (diretor do Departamento\u00a0 Regional de Sa\u00fade DRS XI) , Enio Garbelini (diretor acad\u00eamico Unifadra) e Edson Kai (diretor executivo da Fundec).<\/p>\n<p style=\"text-align: justify;\">Carolina Colnago<\/p>\n<p style=\"text-align: justify;\">Assessora de Comunica\u00e7\u00e3o da Fundec &#8211; Jornalista<\/p>\n","protected":false},"excerpt":{"rendered":"<p>Os alunos do curso de Medicina da Faculdade Unifadra\/Fundec de Dracena realizaram a Apresenta\u00e7\u00e3o do IESC (Intera\u00e7\u00e3o Ensino e Sa\u00fade na Comunidade), no \u00faltimo dia 14 de novembro, no Audit\u00f3rio &#8220;Prof. Geraldo Mariano Alves&#8221;, na Fundec. Na ocasi\u00e3o, estiveram presentes alunos, professores, coordenadores, diretores da Fundec e representantes da \u00e1rea da Sa\u00fade de Dracena, Junqueir\u00f3polis, [&hellip;]<\/p>\n","protected":false},"author":1,"featured_media":12034,"comment_status":"closed","ping_status":"open","sticky":false,"template":"","format":"standard","meta":{"footnotes":""},"categories":[110,122],"tags":[],"class_list":["post-12031","post","type-post","status-publish","format-standard","has-post-thumbnail","hentry","category-noticiasdestaque","category-saudeeducacaoeconcurso"],"_links":{"self":[{"href":"https:\/\/jorgezanoni.com.br\/2019\/wp-json\/wp\/v2\/posts\/12031","targetHints":{"allow":["GET"]}}],"collection":[{"href":"https:\/\/jorgezanoni.com.br\/2019\/wp-json\/wp\/v2\/posts"}],"about":[{"href":"https:\/\/jorgezanoni.com.br\/2019\/wp-json\/wp\/v2\/types\/post"}],"author":[{"embeddable":true,"href":"https:\/\/jorgezanoni.com.br\/2019\/wp-json\/wp\/v2\/users\/1"}],"replies":[{"embeddable":true,"href":"https:\/\/jorgezanoni.com.br\/2019\/wp-json\/wp\/v2\/comments?post=12031"}],"version-history":[{"count":0,"href":"https:\/\/jorgezanoni.com.br\/2019\/wp-json\/wp\/v2\/posts\/12031\/revisions"}],"wp:featuredmedia":[{"embeddable":true,"href":"https:\/\/jorgezanoni.com.br\/2019\/wp-json\/wp\/v2\/media\/12034"}],"wp:attachment":[{"href":"https:\/\/jorgezanoni.com.br\/2019\/wp-json\/wp\/v2\/media?parent=12031"}],"wp:term":[{"taxonomy":"category","embeddable":true,"href":"https:\/\/jorgezanoni.com.br\/2019\/wp-json\/wp\/v2\/categories?post=12031"},{"taxonomy":"post_tag","embeddable":true,"href":"https:\/\/jorgezanoni.com.br\/2019\/wp-json\/wp\/v2\/tags?post=12031"}],"curies":[{"name":"wp","href":"https:\/\/api.w.org\/{rel}","templated":true}]}}