{"id":12021,"date":"2019-11-22T16:48:56","date_gmt":"2019-11-22T16:48:56","guid":{"rendered":"https:\/\/jorgezanoni.com.br\/2019\/?p=12021"},"modified":"2019-11-22T16:48:56","modified_gmt":"2019-11-22T16:48:56","slug":"pacientes-que-estavam-em-ambulancia-de-tupi-pta-envolvida-em-acidente-na-sp-294-iam-para-sao-paulo","status":"publish","type":"post","link":"https:\/\/jorgezanoni.com.br\/2019\/pacientes-que-estavam-em-ambulancia-de-tupi-pta-envolvida-em-acidente-na-sp-294-iam-para-sao-paulo\/","title":{"rendered":"Pacientes que estavam em ambul\u00e2ncia de Tupi Pta. envolvida em acidente na SP-294 iam para S\u00e3o Paulo"},"content":{"rendered":"<p style=\"text-align: justify;\">Os dois pacientes e um acompanhante que estavam na ambul\u00e2ncia pertencente \u00e0 Prefeitura de Tupi Paulista, que se envolveu em um acidente na noite de ontem (21) na Rodovia Comandante Jo\u00e3o Ribeiro de Barros (SP-294) em Fl\u00f3rida Paulista, tinham como destino a cidade de S\u00e3o Paulo.<\/p>\n<p style=\"text-align: justify;\">Os tupienses iriam passar por atendimento m\u00e9dico na capital paulista, por\u00e9m, tiveram a viagem interrompida ap\u00f3s a colis\u00e3o da ambul\u00e2ncia com um ve\u00edculo Toyota Etios com placas de S\u00e3o Bernardo do Campo\/SP.<\/p>\n<p><a href=\"https:\/\/ifolharegional.com.br\/2019\/11\/21\/acidente-com-ambulancia-e-carro-envolve-nove-pessoas-na-sp-294-em-florida-paulista\/\"><strong><em>(CLIQUE AQUI E VEJA A MAT\u00c9RIA DO ACIDENTE)<br \/>\n<\/em><\/strong><\/a><br \/>\nApesar do susto, motorista e passageiros n\u00e3o sofreram ferimentos.<\/p>\n<p>A equipe da Unidade B\u00e1sica de Atendimento do Departamento de Estradas de Rodagem (DER) prestou atendimento aos envolvidos at\u00e9 a chegada de outra ambul\u00e2ncia que fez o translado de retorno para Tupi Paulista adiando assim a viagem a S\u00e3o Paulo.<\/p>\n<p>Fonte: Folha Regional<\/p>\n","protected":false},"excerpt":{"rendered":"<p>Os dois pacientes e um acompanhante que estavam na ambul\u00e2ncia pertencente \u00e0 Prefeitura de Tupi Paulista, que se envolveu em um acidente na noite de ontem (21) na Rodovia Comandante Jo\u00e3o Ribeiro de Barros (SP-294) em Fl\u00f3rida Paulista, tinham como destino a cidade de S\u00e3o Paulo. Os tupienses iriam passar por atendimento m\u00e9dico na capital [&hellip;]<\/p>\n","protected":false},"author":1,"featured_media":12022,"comment_status":"closed","ping_status":"open","sticky":false,"template":"","format":"standard","meta":{"footnotes":""},"categories":[170,110],"tags":[],"class_list":["post-12021","post","type-post","status-publish","format-standard","has-post-thumbnail","hentry","category-acidentes","category-noticiasdestaque"],"_links":{"self":[{"href":"https:\/\/jorgezanoni.com.br\/2019\/wp-json\/wp\/v2\/posts\/12021","targetHints":{"allow":["GET"]}}],"collection":[{"href":"https:\/\/jorgezanoni.com.br\/2019\/wp-json\/wp\/v2\/posts"}],"about":[{"href":"https:\/\/jorgezanoni.com.br\/2019\/wp-json\/wp\/v2\/types\/post"}],"author":[{"embeddable":true,"href":"https:\/\/jorgezanoni.com.br\/2019\/wp-json\/wp\/v2\/users\/1"}],"replies":[{"embeddable":true,"href":"https:\/\/jorgezanoni.com.br\/2019\/wp-json\/wp\/v2\/comments?post=12021"}],"version-history":[{"count":0,"href":"https:\/\/jorgezanoni.com.br\/2019\/wp-json\/wp\/v2\/posts\/12021\/revisions"}],"wp:featuredmedia":[{"embeddable":true,"href":"https:\/\/jorgezanoni.com.br\/2019\/wp-json\/wp\/v2\/media\/12022"}],"wp:attachment":[{"href":"https:\/\/jorgezanoni.com.br\/2019\/wp-json\/wp\/v2\/media?parent=12021"}],"wp:term":[{"taxonomy":"category","embeddable":true,"href":"https:\/\/jorgezanoni.com.br\/2019\/wp-json\/wp\/v2\/categories?post=12021"},{"taxonomy":"post_tag","embeddable":true,"href":"https:\/\/jorgezanoni.com.br\/2019\/wp-json\/wp\/v2\/tags?post=12021"}],"curies":[{"name":"wp","href":"https:\/\/api.w.org\/{rel}","templated":true}]}}