{"id":1202,"date":"2019-07-21T17:08:33","date_gmt":"2019-07-21T17:08:33","guid":{"rendered":"http:\/\/jorgezanoni.com.br\/2019\/?p=1202"},"modified":"2019-07-21T17:23:03","modified_gmt":"2019-07-21T17:23:03","slug":"com-apoio-do-canil-homem-e-preso-por-trafico-de-drogas-enquanto-trabalhava-em-posto-de-combustiveis-de-dracena","status":"publish","type":"post","link":"https:\/\/jorgezanoni.com.br\/2019\/com-apoio-do-canil-homem-e-preso-por-trafico-de-drogas-enquanto-trabalhava-em-posto-de-combustiveis-de-dracena\/","title":{"rendered":"Com apoio do Canil, homem \u00e9 preso por tr\u00e1fico de drogas enquanto trabalhava em posto de combust\u00edveis de Dracena"},"content":{"rendered":"<h2 class=\"content-head__subtitle\"><strong>Abordagem ocorreu em um estabelecimento que fica em Dracena. Pol\u00edcia Militar ainda encontrou droga e dinheiro no carro do suspeito.<\/strong><\/h2>\n<div class=\"mc-column content-text active-extra-styles \" data-block-type=\"unstyled\" data-block-weight=\"32\" data-block-id=\"2\">\n<p class=\"content-text__container \" data-track-category=\"Link no Texto\" data-track-links=\"\">Um homem de 28 anos foi preso em flagrante por tr\u00e1fico de drogas na noite deste s\u00e1bado (20), em\u00a0<a href=\"https:\/\/g1.globo.com\/sp\/presidente-prudente-regiao\/cidade\/dracena\/\">Dracena<\/a>. A abordagem ocorreu em um posto de combust\u00edveis, onde o suspeito trabalhava.<\/p>\n<\/div>\n<div class=\"wall protected-content\">\n<div class=\"mc-column content-text active-extra-styles \" data-block-type=\"unstyled\" data-block-weight=\"45\" data-block-id=\"3\">\n<p class=\"content-text__container \" data-track-category=\"Link no Texto\" data-track-links=\"\">Uma equipe da Pol\u00edcia Militar recebeu uma den\u00fancia de que um indiv\u00edduo estaria escondendo uma arma de fogo em um ve\u00edculo. Ao ver a PM, o suspeito tentou correr e dispensou uma por\u00e7\u00e3o de maconha, mas foi abordado com o apoio de outras equipes policiais.<\/p>\n<\/div>\n<div class=\"mc-column content-text active-extra-styles \" data-block-type=\"unstyled\" data-block-weight=\"35\" data-block-id=\"4\">\n<p class=\"content-text__container \" data-track-category=\"Link no Texto\" data-track-links=\"\">Nada de il\u00edcito foi encontrado no carro do indiv\u00edduo. Questionado onde havia comprado a droga, o homem alegou que foi de um rapaz que trabalhava no caixa de um posto de combust\u00edveis, segundo a pol\u00edcia.<\/p>\n<\/div>\n<div class=\"mc-column content-text active-extra-styles \" data-block-type=\"unstyled\" data-block-weight=\"23\" data-block-id=\"5\">\n<p class=\"content-text__container \" data-track-category=\"Link no Texto\" data-track-links=\"\">A PM foi at\u00e9 o estabelecimento e localizou o suspeito. Ele confessou aos militares que havia vendido droga para o indiv\u00edduo abordado anteriormente.<\/p>\n<\/div>\n<div class=\"mc-column content-text active-extra-styles \" data-block-type=\"unstyled\" data-block-weight=\"59\" data-block-id=\"6\">\n<p class=\"content-text__container \" data-track-category=\"Link no Texto\" data-track-links=\"\">Durante buscas, os policiais localizaram na gaveta do caixa uma por\u00e7\u00e3o de maconha e o valor de R$ 166. Com o apoio do Canil, ainda foi localizado um pequeno tablete de maconha dentro de uma caixa com salgadinhos, no estoque do posto. No carro do suspeito foram encontrados R$ 554 e mais uma por\u00e7\u00e3o de droga, conforme a PM.<\/p>\n<\/div>\n<div class=\"mc-column content-text active-extra-styles \" data-block-type=\"unstyled\" data-block-weight=\"23\" data-block-id=\"7\">\n<p class=\"content-text__container \" data-track-category=\"Link no Texto\" data-track-links=\"\">O indiv\u00edduo recebeu voz de pris\u00e3o em flagrante e foi levado para a Delegacia da Pol\u00edcia Civil. Ele permaneceu \u00e0 disposi\u00e7\u00e3o da Justi\u00e7a.<\/p>\n<p data-track-category=\"Link no Texto\" data-track-links=\"\"><img loading=\"lazy\" decoding=\"async\" class=\"alignnone size-full wp-image-1203\" src=\"http:\/\/jorgezanoni.com.br\/2019\/wp-content\/uploads\/2019\/07\/droga1.jpg\" alt=\"\" width=\"1000\" height=\"928\" srcset=\"https:\/\/jorgezanoni.com.br\/2019\/wp-content\/uploads\/2019\/07\/droga1.jpg 1000w, https:\/\/jorgezanoni.com.br\/2019\/wp-content\/uploads\/2019\/07\/droga1-300x278.jpg 300w, https:\/\/jorgezanoni.com.br\/2019\/wp-content\/uploads\/2019\/07\/droga1-768x713.jpg 768w, https:\/\/jorgezanoni.com.br\/2019\/wp-content\/uploads\/2019\/07\/droga1-696x646.jpg 696w, https:\/\/jorgezanoni.com.br\/2019\/wp-content\/uploads\/2019\/07\/droga1-453x420.jpg 453w\" sizes=\"auto, (max-width: 1000px) 100vw, 1000px\" \/><\/p>\n<p data-track-category=\"Link no Texto\" data-track-links=\"\">Droga foi localizada por um C\u00e3o da PM em Dracena \u2014 Foto: Pol\u00edcia Militar\/Cedida<\/p>\n<p data-track-category=\"Link no Texto\" data-track-links=\"\">Fonte: G1 e Com. Social 25\u00ba BPM\/I<\/p>\n<\/div>\n<\/div>\n","protected":false},"excerpt":{"rendered":"<p>Abordagem ocorreu em um estabelecimento que fica em Dracena. Pol\u00edcia Militar ainda encontrou droga e dinheiro no carro do suspeito. Um homem de 28 anos foi preso em flagrante por tr\u00e1fico de drogas na noite deste s\u00e1bado (20), em\u00a0Dracena. A abordagem ocorreu em um posto de combust\u00edveis, onde o suspeito trabalhava. Uma equipe da Pol\u00edcia [&hellip;]<\/p>\n","protected":false},"author":1,"featured_media":1204,"comment_status":"open","ping_status":"open","sticky":false,"template":"","format":"standard","meta":{"footnotes":""},"categories":[110,2],"tags":[],"class_list":["post-1202","post","type-post","status-publish","format-standard","has-post-thumbnail","hentry","category-noticiasdestaque","category-policial"],"_links":{"self":[{"href":"https:\/\/jorgezanoni.com.br\/2019\/wp-json\/wp\/v2\/posts\/1202","targetHints":{"allow":["GET"]}}],"collection":[{"href":"https:\/\/jorgezanoni.com.br\/2019\/wp-json\/wp\/v2\/posts"}],"about":[{"href":"https:\/\/jorgezanoni.com.br\/2019\/wp-json\/wp\/v2\/types\/post"}],"author":[{"embeddable":true,"href":"https:\/\/jorgezanoni.com.br\/2019\/wp-json\/wp\/v2\/users\/1"}],"replies":[{"embeddable":true,"href":"https:\/\/jorgezanoni.com.br\/2019\/wp-json\/wp\/v2\/comments?post=1202"}],"version-history":[{"count":0,"href":"https:\/\/jorgezanoni.com.br\/2019\/wp-json\/wp\/v2\/posts\/1202\/revisions"}],"wp:featuredmedia":[{"embeddable":true,"href":"https:\/\/jorgezanoni.com.br\/2019\/wp-json\/wp\/v2\/media\/1204"}],"wp:attachment":[{"href":"https:\/\/jorgezanoni.com.br\/2019\/wp-json\/wp\/v2\/media?parent=1202"}],"wp:term":[{"taxonomy":"category","embeddable":true,"href":"https:\/\/jorgezanoni.com.br\/2019\/wp-json\/wp\/v2\/categories?post=1202"},{"taxonomy":"post_tag","embeddable":true,"href":"https:\/\/jorgezanoni.com.br\/2019\/wp-json\/wp\/v2\/tags?post=1202"}],"curies":[{"name":"wp","href":"https:\/\/api.w.org\/{rel}","templated":true}]}}