{"id":12016,"date":"2019-11-22T16:28:28","date_gmt":"2019-11-22T16:28:28","guid":{"rendered":"https:\/\/jorgezanoni.com.br\/2019\/?p=12016"},"modified":"2019-11-22T16:28:28","modified_gmt":"2019-11-22T16:28:28","slug":"rotary-club-dracena-e-dracena-imperial-participam-do-dia-nacional-do-doador-de-sangue","status":"publish","type":"post","link":"https:\/\/jorgezanoni.com.br\/2019\/rotary-club-dracena-e-dracena-imperial-participam-do-dia-nacional-do-doador-de-sangue\/","title":{"rendered":"Rotary Club Dracena e Dracena Imperial participam do &#8220;Dia Nacional do Doador de Sangue&#8221;"},"content":{"rendered":"<h1 style=\"text-align: justify;\"><strong>Na segunda-feira (25), O Rotary Club de Dracena e Dracena Imperial, atrav\u00e9s de seus associados estar\u00e3o participando do &#8220;Dia Nacional do Doador de Sangue&#8221;<\/strong><\/h1>\n<p style=\"text-align: justify;\">Das 07:30 \u00e0s 11:00 Horas, de segunda-feira (25) at\u00e9 na sexta-feira (29), a parceria entre os clubes de servi\u00e7o e banco de Sangue da Santa Casa, esperam a doa\u00e7\u00e3o e colabora\u00e7\u00e3o de todos que puderem prestar esta solidariedade. Logo entra o per\u00edodo de f\u00e9rias e diminui o n\u00famero de doadores, muitas pessoas viajam. Ent\u00e3o \u00e9 muito importante essa doa\u00e7\u00e3o.<\/p>\n<p style=\"text-align: justify;\">Todos que forem fazer a doa\u00e7\u00e3o nesta semana, ter\u00e3o o caf\u00e9 normal servido pelo banco de sangue, por\u00e9m especialmente na segunda-feira (25), o Caf\u00e9 ser\u00e1 especial para comemorar a data com todos que l\u00e1 comparecerem.<\/p>\n<p style=\"text-align: justify;\">Jorge Zanoni<\/p>\n<h1 class=\"secondaryHeading\" style=\"text-align: justify;\">Dia Nacional do Doador de Sangue<\/h1>\n<div class=\"subtitle\">\n<p style=\"text-align: justify;\"><em>Doe Sangue Regularmente. Tem sempre algu\u00e9m precisando de voc\u00ea.<\/em><\/p>\n<p><img loading=\"lazy\" decoding=\"async\" class=\"alignnone size-full wp-image-12018\" src=\"https:\/\/jorgezanoni.com.br\/2019\/wp-content\/uploads\/2019\/11\/sangue.jpg\" alt=\"\" width=\"797\" height=\"664\" srcset=\"https:\/\/jorgezanoni.com.br\/2019\/wp-content\/uploads\/2019\/11\/sangue.jpg 797w, https:\/\/jorgezanoni.com.br\/2019\/wp-content\/uploads\/2019\/11\/sangue-300x250.jpg 300w, https:\/\/jorgezanoni.com.br\/2019\/wp-content\/uploads\/2019\/11\/sangue-768x640.jpg 768w, https:\/\/jorgezanoni.com.br\/2019\/wp-content\/uploads\/2019\/11\/sangue-696x580.jpg 696w, https:\/\/jorgezanoni.com.br\/2019\/wp-content\/uploads\/2019\/11\/sangue-504x420.jpg 504w\" sizes=\"auto, (max-width: 797px) 100vw, 797px\" \/><\/p>\n<div class=\"subtitle\" style=\"text-align: justify;\">\n<p>No dia 25 de novembro, comemora-se o Dia Nacional do Doador de Sangue. A data tem como objetivo agradecer aos doadores de sangue pela a\u00e7\u00e3o de doar e busca sensibilizar a popula\u00e7\u00e3o para a import\u00e2ncia da doa\u00e7\u00e3o.<\/p>\n<p>O m\u00eas de novembro foi escolhido por preceder um per\u00edodo de estoques baixos nos bancos de sangue. A proximidade das f\u00e9rias, de datas comemorativas de fim de ano, carnaval e outros per\u00edodos de feriados prolongados torna esse dia especialmente importante para promover o ato solid\u00e1rio e regular da doa\u00e7\u00e3o de sangue, independente de se conhecer ou n\u00e3o pacientes que necessitam de transfus\u00e3o.<\/p>\n<\/div>\n<div class=\"clearfix\" style=\"text-align: justify;\"><\/div>\n<p style=\"text-align: justify;\">Na semana do 25 de novembro, os servi\u00e7os de hemoterapia de todo o pa\u00eds est\u00e3o mobilizados em campanhas locais para o fortalecimento da doa\u00e7\u00e3o de sangue. O sangue doado \u00e9 utilizado para pessoas com doen\u00e7as hematol\u00f3gicas variadas, c\u00e2ncer, pessoas que se submetem a cirurgias eletivas de grande porte e para emerg\u00eancias.<\/p>\n<h2 style=\"text-align: justify;\">Existe sempre algu\u00e9m precisando da sua ajuda<\/h2>\n<p style=\"text-align: justify;\">L\u00facia Lopes, 55 anos, est\u00e1 tratando um linfoma n\u00e3o-Hodgkin e devido ao tratamento, que requer 5 dias de quimioterapia, ela acaba sempre apresentando um baixo n\u00famero de c\u00e9lulas sangu\u00edneas no final dos per\u00edodos de medica\u00e7\u00e3o.<\/p>\n<p><img loading=\"lazy\" decoding=\"async\" class=\"alignnone size-full wp-image-12017\" src=\"https:\/\/jorgezanoni.com.br\/2019\/wp-content\/uploads\/2019\/11\/lucia-sangue.jpeg\" alt=\"\" width=\"750\" height=\"754\" srcset=\"https:\/\/jorgezanoni.com.br\/2019\/wp-content\/uploads\/2019\/11\/lucia-sangue.jpeg 750w, https:\/\/jorgezanoni.com.br\/2019\/wp-content\/uploads\/2019\/11\/lucia-sangue-150x150.jpeg 150w, https:\/\/jorgezanoni.com.br\/2019\/wp-content\/uploads\/2019\/11\/lucia-sangue-298x300.jpeg 298w, https:\/\/jorgezanoni.com.br\/2019\/wp-content\/uploads\/2019\/11\/lucia-sangue-696x700.jpeg 696w, https:\/\/jorgezanoni.com.br\/2019\/wp-content\/uploads\/2019\/11\/lucia-sangue-418x420.jpeg 418w\" sizes=\"auto, (max-width: 750px) 100vw, 750px\" \/><\/p>\n<p style=\"text-align: justify;\">As transfus\u00f5es de sangue t\u00eam sido fundamentais nesse momento. \u201cComo eu preciso me restabelecer, foram de suma import\u00e2ncia as transfus\u00f5es de sangue que eu recebi. J\u00e1 recebi quatro transfus\u00f5es de sangue nesse per\u00edodo e n\u00e3o consigo nem imaginar o que poderia ter acontecido comigo sem elas\u201d, conta.<\/p>\n<p style=\"text-align: justify;\">Ela conta ainda que, no in\u00edcio do tratamento, seus filhos fizeram uma campanha na internet para conseguir doadores de sangue e que at\u00e9 hoje continuam incentivando a ades\u00e3o de novos doadores. Como muitas dessas pessoas ainda n\u00e3o doam por medo, L\u00facia deixa um recado. \u201cDoem sangue, voc\u00ea n\u00e3o sabe quem pode estar precisando. Meu filho \u00e9 doador e me conta que quase n\u00e3o tem dor. Al\u00e9m disso, \u00e9 uma forma de manter sua pr\u00f3pria sa\u00fade em dia, j\u00e1 que para doar s\u00e3o feitos exames e voc\u00ea pode at\u00e9 descobrir algum problema e tratar bem no in\u00edcio\u201d, recomenda.<\/p>\n<p style=\"text-align: justify;\">Quando o assunto s\u00e3o as pessoas que j\u00e1 s\u00e3o doadoras de sangue, L\u00facia se emociona ao agradecer pela ajuda. \u201cEu s\u00f3 tenho que dizer muito obrigado e pedir que Deus aben\u00e7oe muito a vida dessas pessoas. Eu desejo que elas tenham muita sa\u00fade e agrade\u00e7o muito por salvarem minha vida e de tantas pessoas que eles nem conhecem\u201d, disse, sem conseguir conter as l\u00e1grimas.<\/p>\n<h2 style=\"text-align: justify;\">Entenda um pouco mais sobre a doa\u00e7\u00e3o de sangue<\/h2>\n<p style=\"text-align: justify;\">Doa\u00e7\u00e3o de sangue \u00e9 o processo pelo qual um doador volunt\u00e1rio tem seu sangue coletado para armazenamento em um banco de sangue ou hemocentro para uso subsequente em transfus\u00f5es de sangue.<\/p>\n<p style=\"text-align: justify;\">O sangue \u00e9 um composto de c\u00e9lulas que cumprem fun\u00e7\u00f5es como levar oxig\u00eanio a cada parte do nosso corpo, defender nosso organismo contra infec\u00e7\u00f5es e participar na coagula\u00e7\u00e3o. N\u00e3o existe nada que substitua o sangue.<\/p>\n<p style=\"text-align: justify;\">A quantidade de sangue retirada n\u00e3o afeta a sua sa\u00fade porque a recupera\u00e7\u00e3o \u00e9 imediatamente ap\u00f3s a doa\u00e7\u00e3o. Uma pessoa adulta tem em m\u00e9dia cinco litros de sangue e em uma doa\u00e7\u00e3o s\u00e3o coletados no m\u00e1ximo 450ml de sangue. \u00c9 pouco para voc\u00ea e muito para quem precisa! Voc\u00ea passar\u00e1 por uma entrevista que tem o objetivo de dar maior seguran\u00e7a para voc\u00ea e aos pacientes que receber\u00e3o o seu sangue. Seja sincero ao responder as perguntas!<\/p>\n<p style=\"text-align: justify;\">Todo sangue doado \u00e9 separado em diferentes componentes (hem\u00e1cias, plaquetas e plasma) e assim poder\u00e1 beneficiar mais de um paciente com apenas uma unidade coletada. Os componentes s\u00e3o distribu\u00eddos para os hospitais para atender aos casos de emerg\u00eancia e aos pacientes internados.<\/p>\n<p style=\"text-align: justify;\">Fonte: http:\/\/www.blog.saude.gov.br\/index.php\/promocao-da-saude\/53653-dia-nacional-do-doador-de-sangue<\/p>\n<\/div>\n<p>&nbsp;<\/p>\n<p>&nbsp;<\/p>\n","protected":false},"excerpt":{"rendered":"<p>Na segunda-feira (25), O Rotary Club de Dracena e Dracena Imperial, atrav\u00e9s de seus associados estar\u00e3o participando do &#8220;Dia Nacional do Doador de Sangue&#8221; Das 07:30 \u00e0s 11:00 Horas, de segunda-feira (25) at\u00e9 na sexta-feira (29), a parceria entre os clubes de servi\u00e7o e banco de Sangue da Santa Casa, esperam a doa\u00e7\u00e3o e colabora\u00e7\u00e3o [&hellip;]<\/p>\n","protected":false},"author":1,"featured_media":12019,"comment_status":"closed","ping_status":"open","sticky":false,"template":"","format":"standard","meta":{"footnotes":""},"categories":[110,118],"tags":[],"class_list":["post-12016","post","type-post","status-publish","format-standard","has-post-thumbnail","hentry","category-noticiasdestaque","category-religiaoesolidariedade"],"_links":{"self":[{"href":"https:\/\/jorgezanoni.com.br\/2019\/wp-json\/wp\/v2\/posts\/12016","targetHints":{"allow":["GET"]}}],"collection":[{"href":"https:\/\/jorgezanoni.com.br\/2019\/wp-json\/wp\/v2\/posts"}],"about":[{"href":"https:\/\/jorgezanoni.com.br\/2019\/wp-json\/wp\/v2\/types\/post"}],"author":[{"embeddable":true,"href":"https:\/\/jorgezanoni.com.br\/2019\/wp-json\/wp\/v2\/users\/1"}],"replies":[{"embeddable":true,"href":"https:\/\/jorgezanoni.com.br\/2019\/wp-json\/wp\/v2\/comments?post=12016"}],"version-history":[{"count":0,"href":"https:\/\/jorgezanoni.com.br\/2019\/wp-json\/wp\/v2\/posts\/12016\/revisions"}],"wp:featuredmedia":[{"embeddable":true,"href":"https:\/\/jorgezanoni.com.br\/2019\/wp-json\/wp\/v2\/media\/12019"}],"wp:attachment":[{"href":"https:\/\/jorgezanoni.com.br\/2019\/wp-json\/wp\/v2\/media?parent=12016"}],"wp:term":[{"taxonomy":"category","embeddable":true,"href":"https:\/\/jorgezanoni.com.br\/2019\/wp-json\/wp\/v2\/categories?post=12016"},{"taxonomy":"post_tag","embeddable":true,"href":"https:\/\/jorgezanoni.com.br\/2019\/wp-json\/wp\/v2\/tags?post=12016"}],"curies":[{"name":"wp","href":"https:\/\/api.w.org\/{rel}","templated":true}]}}