{"id":12006,"date":"2019-11-22T12:42:27","date_gmt":"2019-11-22T12:42:27","guid":{"rendered":"https:\/\/jorgezanoni.com.br\/2019\/?p=12006"},"modified":"2019-11-22T12:42:27","modified_gmt":"2019-11-22T12:42:27","slug":"festa-de-nossa-senhora-das-gracas-acontece-amanha-23-no-bairro-metropole","status":"publish","type":"post","link":"https:\/\/jorgezanoni.com.br\/2019\/festa-de-nossa-senhora-das-gracas-acontece-amanha-23-no-bairro-metropole\/","title":{"rendered":"Festa de Nossa Senhora das Gra\u00e7as acontece amanh\u00e3 (23) no bairro Metr\u00f3pole"},"content":{"rendered":"<p style=\"text-align: justify;\">Amanh\u00e3 acontece a Festa de Nossa Senhora das Gra\u00e7as que \u00e9 Padroeira do Bairro Metr\u00f3pole.<\/p>\n<p style=\"text-align: justify;\">O evento tem in\u00edcio \u00e0s 19:00 horas com Prociss\u00e3o percorrendo algumas ruas do bairro e logo ap\u00f3s a Santa Missa presidida pelo Frei Airton e Coroa\u00e7\u00e3o de Nossa Senhora, acontece a Festa do Pastel com a venda de past\u00e9is, bolos e refrigerantes.<\/p>\n<p><img loading=\"lazy\" decoding=\"async\" class=\"alignnone size-full wp-image-12007\" src=\"https:\/\/jorgezanoni.com.br\/2019\/wp-content\/uploads\/2019\/11\/festa.jpg\" alt=\"\" width=\"509\" height=\"603\" srcset=\"https:\/\/jorgezanoni.com.br\/2019\/wp-content\/uploads\/2019\/11\/festa.jpg 509w, https:\/\/jorgezanoni.com.br\/2019\/wp-content\/uploads\/2019\/11\/festa-253x300.jpg 253w, https:\/\/jorgezanoni.com.br\/2019\/wp-content\/uploads\/2019\/11\/festa-355x420.jpg 355w\" sizes=\"auto, (max-width: 509px) 100vw, 509px\" \/><\/p>\n<p style=\"text-align: justify;\">A data da comemora\u00e7\u00e3o \u00e9 dia 27 de Novembro, por\u00e9m ser\u00e1 celebrada amanh\u00e3, onde fizemos um Tr\u00edduo na casa dos Enfermos nos dias 8, 13 e 20 de Novembro, onde rezamos o Ter\u00e7o para preparar-nos para a Festa da Padroeira do Bairro Metr\u00f3pole.<\/p>\n","protected":false},"excerpt":{"rendered":"<p>Amanh\u00e3 acontece a Festa de Nossa Senhora das Gra\u00e7as que \u00e9 Padroeira do Bairro Metr\u00f3pole. O evento tem in\u00edcio \u00e0s 19:00 horas com Prociss\u00e3o percorrendo algumas ruas do bairro e logo ap\u00f3s a Santa Missa presidida pelo Frei Airton e Coroa\u00e7\u00e3o de Nossa Senhora, acontece a Festa do Pastel com a venda de past\u00e9is, bolos [&hellip;]<\/p>\n","protected":false},"author":1,"featured_media":12008,"comment_status":"closed","ping_status":"open","sticky":false,"template":"","format":"standard","meta":{"footnotes":""},"categories":[172],"tags":[],"class_list":["post-12006","post","type-post","status-publish","format-standard","has-post-thumbnail","hentry","category-agenda"],"_links":{"self":[{"href":"https:\/\/jorgezanoni.com.br\/2019\/wp-json\/wp\/v2\/posts\/12006","targetHints":{"allow":["GET"]}}],"collection":[{"href":"https:\/\/jorgezanoni.com.br\/2019\/wp-json\/wp\/v2\/posts"}],"about":[{"href":"https:\/\/jorgezanoni.com.br\/2019\/wp-json\/wp\/v2\/types\/post"}],"author":[{"embeddable":true,"href":"https:\/\/jorgezanoni.com.br\/2019\/wp-json\/wp\/v2\/users\/1"}],"replies":[{"embeddable":true,"href":"https:\/\/jorgezanoni.com.br\/2019\/wp-json\/wp\/v2\/comments?post=12006"}],"version-history":[{"count":0,"href":"https:\/\/jorgezanoni.com.br\/2019\/wp-json\/wp\/v2\/posts\/12006\/revisions"}],"wp:featuredmedia":[{"embeddable":true,"href":"https:\/\/jorgezanoni.com.br\/2019\/wp-json\/wp\/v2\/media\/12008"}],"wp:attachment":[{"href":"https:\/\/jorgezanoni.com.br\/2019\/wp-json\/wp\/v2\/media?parent=12006"}],"wp:term":[{"taxonomy":"category","embeddable":true,"href":"https:\/\/jorgezanoni.com.br\/2019\/wp-json\/wp\/v2\/categories?post=12006"},{"taxonomy":"post_tag","embeddable":true,"href":"https:\/\/jorgezanoni.com.br\/2019\/wp-json\/wp\/v2\/tags?post=12006"}],"curies":[{"name":"wp","href":"https:\/\/api.w.org\/{rel}","templated":true}]}}