{"id":11974,"date":"2019-11-22T02:43:54","date_gmt":"2019-11-22T02:43:54","guid":{"rendered":"https:\/\/jorgezanoni.com.br\/2019\/?p=11974"},"modified":"2019-11-22T02:43:54","modified_gmt":"2019-11-22T02:43:54","slug":"desembargador-jose-carlos-ferreira-alves-fez-pronunciamento-na-instalacao-do-nucleo-de-conciliacao-comunitaria-na-policia-militar","status":"publish","type":"post","link":"https:\/\/jorgezanoni.com.br\/2019\/desembargador-jose-carlos-ferreira-alves-fez-pronunciamento-na-instalacao-do-nucleo-de-conciliacao-comunitaria-na-policia-militar\/","title":{"rendered":"Desembargador Jos\u00e9 Carlos Ferreira Alves fez pronunciamento na Instala\u00e7\u00e3o do N\u00facleo de Concilia\u00e7\u00e3o Comunit\u00e1ria na Pol\u00edcia Militar."},"content":{"rendered":"<div id=\"fb-root\"><\/div>\n<p><script async=\"1\" defer=\"1\" crossorigin=\"anonymous\" src=\"https:\/\/connect.facebook.net\/en_US\/sdk.js#xfbml=1&amp;version=v5.0\"><\/script><\/p>\n<div class=\"fb-video\" data-href=\"https:\/\/www.facebook.com\/jorgezanonidracena\/videos\/1805351686275773\/\" data-width=\"696\">\n<blockquote cite=\"https:\/\/www.facebook.com\/jorgezanonidracena\/videos\/1805351686275773\/\" class=\"fb-xfbml-parse-ignore\"><p><a href=\"https:\/\/www.facebook.com\/jorgezanonidracena\/videos\/1805351686275773\/\">Desembargador Jos\u00e9 Carlos Ferreira Alves fez pronunciamento na Instala\u00e7\u00e3o do N\u00facleo de Concilia\u00e7\u00e3o Comunit\u00e1ria na Pol\u00edcia Militar.<\/a><\/p>\n<p>Desembargador Jos\u00e9 Carlos Ferreira Alves fez pronunciamento na Instala\u00e7\u00e3o do N\u00facleo de Concilia\u00e7\u00e3o Comunit\u00e1ria na Pol\u00edcia Militar.<\/p>\n<p>Posted by <a href=\"https:\/\/www.facebook.com\/jorgezanonidracena\/\">Jorge Zanoni<\/a> on Thursday, November 21, 2019<\/p><\/blockquote>\n<\/div>\n","protected":false},"excerpt":{"rendered":"<p>Desembargador Jos\u00e9 Carlos Ferreira Alves fez pronunciamento na Instala\u00e7\u00e3o do N\u00facleo de Concilia\u00e7\u00e3o Comunit\u00e1ria na Pol\u00edcia Militar. Desembargador Jos\u00e9 Carlos Ferreira Alves fez pronunciamento na Instala\u00e7\u00e3o do N\u00facleo de Concilia\u00e7\u00e3o Comunit\u00e1ria na Pol\u00edcia Militar. Posted by Jorge Zanoni on Thursday, November 21, 2019<\/p>\n","protected":false},"author":1,"featured_media":11976,"comment_status":"closed","ping_status":"open","sticky":false,"template":"","format":"video","meta":{"footnotes":""},"categories":[169],"tags":[],"class_list":["post-11974","post","type-post","status-publish","format-video","has-post-thumbnail","hentry","category-videos","post_format-post-format-video"],"_links":{"self":[{"href":"https:\/\/jorgezanoni.com.br\/2019\/wp-json\/wp\/v2\/posts\/11974","targetHints":{"allow":["GET"]}}],"collection":[{"href":"https:\/\/jorgezanoni.com.br\/2019\/wp-json\/wp\/v2\/posts"}],"about":[{"href":"https:\/\/jorgezanoni.com.br\/2019\/wp-json\/wp\/v2\/types\/post"}],"author":[{"embeddable":true,"href":"https:\/\/jorgezanoni.com.br\/2019\/wp-json\/wp\/v2\/users\/1"}],"replies":[{"embeddable":true,"href":"https:\/\/jorgezanoni.com.br\/2019\/wp-json\/wp\/v2\/comments?post=11974"}],"version-history":[{"count":0,"href":"https:\/\/jorgezanoni.com.br\/2019\/wp-json\/wp\/v2\/posts\/11974\/revisions"}],"wp:featuredmedia":[{"embeddable":true,"href":"https:\/\/jorgezanoni.com.br\/2019\/wp-json\/wp\/v2\/media\/11976"}],"wp:attachment":[{"href":"https:\/\/jorgezanoni.com.br\/2019\/wp-json\/wp\/v2\/media?parent=11974"}],"wp:term":[{"taxonomy":"category","embeddable":true,"href":"https:\/\/jorgezanoni.com.br\/2019\/wp-json\/wp\/v2\/categories?post=11974"},{"taxonomy":"post_tag","embeddable":true,"href":"https:\/\/jorgezanoni.com.br\/2019\/wp-json\/wp\/v2\/tags?post=11974"}],"curies":[{"name":"wp","href":"https:\/\/api.w.org\/{rel}","templated":true}]}}