{"id":11969,"date":"2019-11-22T01:44:48","date_gmt":"2019-11-22T01:44:48","guid":{"rendered":"https:\/\/jorgezanoni.com.br\/2019\/?p=11969"},"modified":"2019-11-22T01:44:48","modified_gmt":"2019-11-22T01:44:48","slug":"acidente-com-ambulancia-de-tupi-pta-e-carro-envolve-nove-pessoas-na-sp-294-em-florida-paulista","status":"publish","type":"post","link":"https:\/\/jorgezanoni.com.br\/2019\/acidente-com-ambulancia-de-tupi-pta-e-carro-envolve-nove-pessoas-na-sp-294-em-florida-paulista\/","title":{"rendered":"Acidente com ambul\u00e2ncia de Tupi Pta. e carro envolve nove pessoas na SP-294 em Fl\u00f3rida Paulista"},"content":{"rendered":"<p style=\"text-align: justify;\">Um acidente entre uma ambul\u00e2ncia e um carro ocorrido pouco antes das 21h desta quinta-feira (21), na Rodovia Comandante Jo\u00e3o Ribeiro de Barros (SP-294) no trecho entre o Frigor\u00edfico Alimenta e a Fazenda Jacutinga em Fl\u00f3rida Paulista, envolveu nove pessoas, entre elas duas jovens, tr\u00eas idosos, tr\u00eas pacientes e o motorista do ve\u00edculo de sa\u00fade.<\/p>\n<p style=\"text-align: justify;\"><img loading=\"lazy\" decoding=\"async\" class=\"alignnone size-full wp-image-11970\" src=\"https:\/\/jorgezanoni.com.br\/2019\/wp-content\/uploads\/2019\/11\/ambu.jpg\" alt=\"\" width=\"600\" height=\"450\" srcset=\"https:\/\/jorgezanoni.com.br\/2019\/wp-content\/uploads\/2019\/11\/ambu.jpg 600w, https:\/\/jorgezanoni.com.br\/2019\/wp-content\/uploads\/2019\/11\/ambu-300x225.jpg 300w, https:\/\/jorgezanoni.com.br\/2019\/wp-content\/uploads\/2019\/11\/ambu-80x60.jpg 80w, https:\/\/jorgezanoni.com.br\/2019\/wp-content\/uploads\/2019\/11\/ambu-265x198.jpg 265w, https:\/\/jorgezanoni.com.br\/2019\/wp-content\/uploads\/2019\/11\/ambu-560x420.jpg 560w\" sizes=\"auto, (max-width: 600px) 100vw, 600px\" \/><\/p>\n<p style=\"text-align: justify;\">Nossa reportagem esteve minutos antes da postagem desta not\u00edcia no local do acidente e segundo as primeiras informa\u00e7\u00f5es obtidas extraoficialmente, o ve\u00edculo Toyota Etios com placas de S\u00e3o Bernardo do Campo fazia o trajeto no sentido Adamantina\/Fl\u00f3rida Paulista quando houve a colis\u00e3o com a ambul\u00e2ncia pertencente \u00e0 Prefeitura de Tupi Paulista.<\/p>\n<p style=\"text-align: justify;\">\nAp\u00f3s a colis\u00e3o, o ve\u00edculo Etios foi parar em cima de um barranco \u00e0s margens da rodovia no sentido contr\u00e1rio da dire\u00e7\u00e3o em que seguia. Nele estavam tr\u00eas idosos e duas jovens, o ve\u00edculo era conduzido por uma das jovens.<\/p>\n<p>Na ambul\u00e2ncia al\u00e9m do motorista estavam outras tr\u00eas pessoas. Apesar do susto n\u00e3o houve o registro de nenhuma pessoa ferida.<\/p>\n<p style=\"text-align: justify;\"><img loading=\"lazy\" decoding=\"async\" class=\"alignnone size-full wp-image-11972\" src=\"https:\/\/jorgezanoni.com.br\/2019\/wp-content\/uploads\/2019\/11\/ambu2.jpg\" alt=\"\" width=\"600\" height=\"450\" srcset=\"https:\/\/jorgezanoni.com.br\/2019\/wp-content\/uploads\/2019\/11\/ambu2.jpg 600w, https:\/\/jorgezanoni.com.br\/2019\/wp-content\/uploads\/2019\/11\/ambu2-300x225.jpg 300w, https:\/\/jorgezanoni.com.br\/2019\/wp-content\/uploads\/2019\/11\/ambu2-80x60.jpg 80w, https:\/\/jorgezanoni.com.br\/2019\/wp-content\/uploads\/2019\/11\/ambu2-265x198.jpg 265w, https:\/\/jorgezanoni.com.br\/2019\/wp-content\/uploads\/2019\/11\/ambu2-560x420.jpg 560w\" sizes=\"auto, (max-width: 600px) 100vw, 600px\" \/><\/p>\n<p>O Corpo de Bombeiros de Adamantina foi acionado com o disparo do \u201cTrem de Socorro\u201d, que mobilizou as viaturas de resgate, auto bomba e auto bomba, socorro e resgate, estas duas \u00faltimas empregadas quando existe a necessidade de desencarceramento de v\u00edtimas presas em ferragens, o que n\u00e3o houve nesta ocorr\u00eancia.<\/p>\n<p>A Pol\u00edcia Militar e Pol\u00edcia Rodovi\u00e1ria tamb\u00e9m prestam atendimento com o controle de tr\u00e1fego na pista e registro do boletim de ocorr\u00eancia.<\/p>\n<p>Profissionais da Unidade B\u00e1sica de Atendimento do Departamento de Estradas de Rodagem tamb\u00e9m atuam dando total suporte neste acidente.<\/p>\n<p><strong>SEGUIAM PARA VEL\u00d3RIO EM PAULIC\u00c9IA<br \/>\n<\/strong><br \/>\nNossa equipe tamb\u00e9m conversou com familiares dos ocupantes do Toyota Etios que seguiam em outro ve\u00edculo \u00e0 frente no momento do acidente.<\/p>\n<p>Eles informaram que vinham de S\u00e3o Bernardo do Campo com destino \u00e0 Paulic\u00e9ia onde est\u00e1 sendo realizado o vel\u00f3rio de uma mulher de 50 anos de idade. Tamb\u00e9m foi informado que o hoje ente querido havia se casado h\u00e1 poucos dias em uma festa que reuniu toda a fam\u00edlia e que agora infelizmente, ocorre a sua despedida devido o \u00f3bito.<\/p>\n<p>A atualiza\u00e7\u00e3o desta mat\u00e9ria pode ocorrer \u00e0 qualquer momento.<\/p>\n<p style=\"text-align: justify;\"><em>Fotos: Rafael Massarotte \/ Folha Regional e portal ifolharegional.com.br<\/em><\/p>\n","protected":false},"excerpt":{"rendered":"<p>Um acidente entre uma ambul\u00e2ncia e um carro ocorrido pouco antes das 21h desta quinta-feira (21), na Rodovia Comandante Jo\u00e3o Ribeiro de Barros (SP-294) no trecho entre o Frigor\u00edfico Alimenta e a Fazenda Jacutinga em Fl\u00f3rida Paulista, envolveu nove pessoas, entre elas duas jovens, tr\u00eas idosos, tr\u00eas pacientes e o motorista do ve\u00edculo de sa\u00fade. [&hellip;]<\/p>\n","protected":false},"author":1,"featured_media":11971,"comment_status":"closed","ping_status":"open","sticky":false,"template":"","format":"standard","meta":{"footnotes":""},"categories":[170,110],"tags":[],"class_list":["post-11969","post","type-post","status-publish","format-standard","has-post-thumbnail","hentry","category-acidentes","category-noticiasdestaque"],"_links":{"self":[{"href":"https:\/\/jorgezanoni.com.br\/2019\/wp-json\/wp\/v2\/posts\/11969","targetHints":{"allow":["GET"]}}],"collection":[{"href":"https:\/\/jorgezanoni.com.br\/2019\/wp-json\/wp\/v2\/posts"}],"about":[{"href":"https:\/\/jorgezanoni.com.br\/2019\/wp-json\/wp\/v2\/types\/post"}],"author":[{"embeddable":true,"href":"https:\/\/jorgezanoni.com.br\/2019\/wp-json\/wp\/v2\/users\/1"}],"replies":[{"embeddable":true,"href":"https:\/\/jorgezanoni.com.br\/2019\/wp-json\/wp\/v2\/comments?post=11969"}],"version-history":[{"count":0,"href":"https:\/\/jorgezanoni.com.br\/2019\/wp-json\/wp\/v2\/posts\/11969\/revisions"}],"wp:featuredmedia":[{"embeddable":true,"href":"https:\/\/jorgezanoni.com.br\/2019\/wp-json\/wp\/v2\/media\/11971"}],"wp:attachment":[{"href":"https:\/\/jorgezanoni.com.br\/2019\/wp-json\/wp\/v2\/media?parent=11969"}],"wp:term":[{"taxonomy":"category","embeddable":true,"href":"https:\/\/jorgezanoni.com.br\/2019\/wp-json\/wp\/v2\/categories?post=11969"},{"taxonomy":"post_tag","embeddable":true,"href":"https:\/\/jorgezanoni.com.br\/2019\/wp-json\/wp\/v2\/tags?post=11969"}],"curies":[{"name":"wp","href":"https:\/\/api.w.org\/{rel}","templated":true}]}}