{"id":11959,"date":"2019-11-22T00:53:40","date_gmt":"2019-11-22T00:53:40","guid":{"rendered":"https:\/\/jorgezanoni.com.br\/2019\/?p=11959"},"modified":"2019-11-22T00:53:40","modified_gmt":"2019-11-22T00:53:40","slug":"instalado-o-nucleo-de-conciliacao-comunitaria-na-policia-militar","status":"publish","type":"post","link":"https:\/\/jorgezanoni.com.br\/2019\/instalado-o-nucleo-de-conciliacao-comunitaria-na-policia-militar\/","title":{"rendered":"Instalado o N\u00facleo de Concilia\u00e7\u00e3o Comunit\u00e1ria na Pol\u00edcia Militar"},"content":{"rendered":"<p style=\"text-align: justify;\">O Site JZ entrevistou o Desembargador Jos\u00e9 Carlos Ferreira Alves, o Coronel Adilson Lu\u00eds Franco Nassaro, Cmt do CPI-8 e o 1\u00ba Sgt PM Jefferson Peres que ser\u00e1 um dos conciliadores.<\/p>\n<div id=\"fb-root\"><\/div>\n<p><script async=\"1\" defer=\"1\" crossorigin=\"anonymous\" src=\"https:\/\/connect.facebook.net\/en_US\/sdk.js#xfbml=1&amp;version=v5.0\"><\/script><\/p>\n<div class=\"fb-video\" data-href=\"https:\/\/www.facebook.com\/jorgezanonidracena\/videos\/2454570798101081\/\" data-width=\"696\">\n<blockquote cite=\"https:\/\/www.facebook.com\/jorgezanonidracena\/videos\/2454570798101081\/\" class=\"fb-xfbml-parse-ignore\"><p><a href=\"https:\/\/www.facebook.com\/jorgezanonidracena\/videos\/2454570798101081\/\">Instalado o N\u00facleo de Concilia\u00e7\u00e3o Comunit\u00e1ria na Pol\u00edcia Militar<\/a><\/p>\n<p>Instalado o N\u00facleo de Concilia\u00e7\u00e3o Comunit\u00e1ria na Pol\u00edcia Militar<\/p>\n<p>Posted by <a href=\"https:\/\/www.facebook.com\/jorgezanonidracena\/\">Jorge Zanoni<\/a> on Thursday, November 21, 2019<\/p><\/blockquote>\n<\/div>\n","protected":false},"excerpt":{"rendered":"<p>O Site JZ entrevistou o Desembargador Jos\u00e9 Carlos Ferreira Alves, o Coronel Adilson Lu\u00eds Franco Nassaro, Cmt do CPI-8 e o 1\u00ba Sgt PM Jefferson Peres que ser\u00e1 um dos conciliadores. Instalado o N\u00facleo de Concilia\u00e7\u00e3o Comunit\u00e1ria na Pol\u00edcia Militar Instalado o N\u00facleo de Concilia\u00e7\u00e3o Comunit\u00e1ria na Pol\u00edcia Militar Posted by Jorge Zanoni on Thursday, [&hellip;]<\/p>\n","protected":false},"author":1,"featured_media":11960,"comment_status":"closed","ping_status":"open","sticky":false,"template":"","format":"video","meta":{"footnotes":""},"categories":[169],"tags":[],"class_list":["post-11959","post","type-post","status-publish","format-video","has-post-thumbnail","hentry","category-videos","post_format-post-format-video"],"_links":{"self":[{"href":"https:\/\/jorgezanoni.com.br\/2019\/wp-json\/wp\/v2\/posts\/11959","targetHints":{"allow":["GET"]}}],"collection":[{"href":"https:\/\/jorgezanoni.com.br\/2019\/wp-json\/wp\/v2\/posts"}],"about":[{"href":"https:\/\/jorgezanoni.com.br\/2019\/wp-json\/wp\/v2\/types\/post"}],"author":[{"embeddable":true,"href":"https:\/\/jorgezanoni.com.br\/2019\/wp-json\/wp\/v2\/users\/1"}],"replies":[{"embeddable":true,"href":"https:\/\/jorgezanoni.com.br\/2019\/wp-json\/wp\/v2\/comments?post=11959"}],"version-history":[{"count":0,"href":"https:\/\/jorgezanoni.com.br\/2019\/wp-json\/wp\/v2\/posts\/11959\/revisions"}],"wp:featuredmedia":[{"embeddable":true,"href":"https:\/\/jorgezanoni.com.br\/2019\/wp-json\/wp\/v2\/media\/11960"}],"wp:attachment":[{"href":"https:\/\/jorgezanoni.com.br\/2019\/wp-json\/wp\/v2\/media?parent=11959"}],"wp:term":[{"taxonomy":"category","embeddable":true,"href":"https:\/\/jorgezanoni.com.br\/2019\/wp-json\/wp\/v2\/categories?post=11959"},{"taxonomy":"post_tag","embeddable":true,"href":"https:\/\/jorgezanoni.com.br\/2019\/wp-json\/wp\/v2\/tags?post=11959"}],"curies":[{"name":"wp","href":"https:\/\/api.w.org\/{rel}","templated":true}]}}