{"id":11947,"date":"2019-11-21T22:50:48","date_gmt":"2019-11-21T22:50:48","guid":{"rendered":"https:\/\/jorgezanoni.com.br\/2019\/?p=11947"},"modified":"2019-11-21T22:50:48","modified_gmt":"2019-11-21T22:50:48","slug":"bairro-emilio-zanata-esta-sem-energia","status":"publish","type":"post","link":"https:\/\/jorgezanoni.com.br\/2019\/bairro-emilio-zanata-esta-sem-energia\/","title":{"rendered":"Bairro Emilio Zanata est\u00e1 sem energia"},"content":{"rendered":"<p style=\"text-align: justify;\">Moradores do bairro Emilio Zanata est\u00e3o passando informa\u00e7\u00f5es que aquele populoso local est\u00e1 sem energia neste momento, pr\u00f3ximo das 20 Hs.<\/p>\n<p style=\"text-align: justify;\">A prov\u00e1vel causa \u00e9 um poste que tombou e est\u00e1 pendurado pelos fios na rua Um, divisa com fazendas.<\/p>\n<p style=\"text-align: justify;\">A Concession\u00e1ria ja foi contactada e deve tomar as provid\u00eancias.<\/p>\n<p style=\"text-align: justify;\">Jorge Zanoni<\/p>\n<p style=\"text-align: justify;\">Foto de Internauta<\/p>\n","protected":false},"excerpt":{"rendered":"<p>Moradores do bairro Emilio Zanata est\u00e3o passando informa\u00e7\u00f5es que aquele populoso local est\u00e1 sem energia neste momento, pr\u00f3ximo das 20 Hs. A prov\u00e1vel causa \u00e9 um poste que tombou e est\u00e1 pendurado pelos fios na rua Um, divisa com fazendas. A Concession\u00e1ria ja foi contactada e deve tomar as provid\u00eancias. Jorge Zanoni Foto de Internauta<\/p>\n","protected":false},"author":1,"featured_media":11948,"comment_status":"closed","ping_status":"open","sticky":false,"template":"","format":"standard","meta":{"footnotes":""},"categories":[179,184,110],"tags":[],"class_list":["post-11947","post","type-post","status-publish","format-standard","has-post-thumbnail","hentry","category-cidadeseregiao","category-dracena","category-noticiasdestaque"],"_links":{"self":[{"href":"https:\/\/jorgezanoni.com.br\/2019\/wp-json\/wp\/v2\/posts\/11947","targetHints":{"allow":["GET"]}}],"collection":[{"href":"https:\/\/jorgezanoni.com.br\/2019\/wp-json\/wp\/v2\/posts"}],"about":[{"href":"https:\/\/jorgezanoni.com.br\/2019\/wp-json\/wp\/v2\/types\/post"}],"author":[{"embeddable":true,"href":"https:\/\/jorgezanoni.com.br\/2019\/wp-json\/wp\/v2\/users\/1"}],"replies":[{"embeddable":true,"href":"https:\/\/jorgezanoni.com.br\/2019\/wp-json\/wp\/v2\/comments?post=11947"}],"version-history":[{"count":0,"href":"https:\/\/jorgezanoni.com.br\/2019\/wp-json\/wp\/v2\/posts\/11947\/revisions"}],"wp:featuredmedia":[{"embeddable":true,"href":"https:\/\/jorgezanoni.com.br\/2019\/wp-json\/wp\/v2\/media\/11948"}],"wp:attachment":[{"href":"https:\/\/jorgezanoni.com.br\/2019\/wp-json\/wp\/v2\/media?parent=11947"}],"wp:term":[{"taxonomy":"category","embeddable":true,"href":"https:\/\/jorgezanoni.com.br\/2019\/wp-json\/wp\/v2\/categories?post=11947"},{"taxonomy":"post_tag","embeddable":true,"href":"https:\/\/jorgezanoni.com.br\/2019\/wp-json\/wp\/v2\/tags?post=11947"}],"curies":[{"name":"wp","href":"https:\/\/api.w.org\/{rel}","templated":true}]}}