{"id":11930,"date":"2019-11-21T21:29:53","date_gmt":"2019-11-21T21:29:53","guid":{"rendered":"https:\/\/jorgezanoni.com.br\/2019\/?p=11930"},"modified":"2019-11-21T21:31:21","modified_gmt":"2019-11-21T21:31:21","slug":"galvao-bueno-sente-mal-estar-e-luis-roberto-vai-narrar-a-final-da-libertadores","status":"publish","type":"post","link":"https:\/\/jorgezanoni.com.br\/2019\/galvao-bueno-sente-mal-estar-e-luis-roberto-vai-narrar-a-final-da-libertadores\/","title":{"rendered":"Galv\u00e3o Bueno sente mal-estar, e Luis Roberto vai narrar a final da Libertadores"},"content":{"rendered":"<h2 class=\"content-head__subtitle\" style=\"text-align: justify;\"><strong>Narrador do Grupo Globo foi levado a um hospital em Lima.<\/strong><\/h2>\n<p style=\"text-align: justify;\">O narrador Galv\u00e3o Bueno teve um mal-estar na manh\u00e3 desta quinta-feira em Lima &#8211; onde se encontrava para narrar a decis\u00e3o da Libertadores. Ele foi levado para exames na cl\u00ednica Anglo-Americana &#8211; no bairro de Miraflores. Com o problema de Galv\u00e3o, o Grupo Globo escalou Luis Roberto para narrar a final entre Flamengo e River Plate neste s\u00e1bado, \u00e0s 17h, na TV Globo e no GloboEsporte.com.<\/p>\n<div class=\"mc-column content-text active-extra-styles \" style=\"text-align: justify;\" data-block-type=\"unstyled\" data-block-weight=\"10\" data-block-id=\"3\">\n<p class=\"content-text__container \" data-track-category=\"Link no Texto\" data-track-links=\"\">Veja abaixo a \u00edntegra da nota divulgada pelo Grupo Globo:<\/p>\n<\/div>\n<div class=\"mc-column content-text active-extra-styles \" data-block-type=\"unstyled\" data-block-weight=\"88\" data-block-id=\"4\">\n<p class=\"content-text__container \" style=\"text-align: justify;\" data-track-category=\"Link no Texto\" data-track-links=\"\"><em>Nosso companheiro Galv\u00e3o Bueno teve um mal-estar hoje de manh\u00e3 em Lima, onde se encontra para a narra\u00e7\u00e3o da final da Libertadores. Ele foi levado para exames na cl\u00ednica Anglo-Americana, no bairro de Miraflores, acompanhado por sua mulher Desiree Galv\u00e3o Bueno. Foi atendido prontamente e est\u00e1 sendo submetido a um cateterismo para desobstru\u00e7\u00e3o de uma art\u00e9ria coronariana. Todos n\u00f3s desejamos ao querido Galv\u00e3o uma r\u00e1pida recupera\u00e7\u00e3o. O hospital divulgar\u00e1 ao t\u00e9rmino do procedimento um boletim m\u00e9dico. A narra\u00e7\u00e3o da final da Libertadores ser\u00e1 feita pelo companheiro Luis Roberto.<\/em><\/p>\n<p style=\"text-align: justify;\" data-track-category=\"Link no Texto\" data-track-links=\"\">Fonte: https:\/\/globoesporte.globo.com\/<\/p>\n<\/div>\n","protected":false},"excerpt":{"rendered":"<p>Narrador do Grupo Globo foi levado a um hospital em Lima. O narrador Galv\u00e3o Bueno teve um mal-estar na manh\u00e3 desta quinta-feira em Lima &#8211; onde se encontrava para narrar a decis\u00e3o da Libertadores. Ele foi levado para exames na cl\u00ednica Anglo-Americana &#8211; no bairro de Miraflores. Com o problema de Galv\u00e3o, o Grupo Globo [&hellip;]<\/p>\n","protected":false},"author":1,"featured_media":11932,"comment_status":"closed","ping_status":"open","sticky":false,"template":"","format":"standard","meta":{"footnotes":""},"categories":[111,110],"tags":[],"class_list":["post-11930","post","type-post","status-publish","format-standard","has-post-thumbnail","hentry","category-esporteecultura","category-noticiasdestaque"],"_links":{"self":[{"href":"https:\/\/jorgezanoni.com.br\/2019\/wp-json\/wp\/v2\/posts\/11930","targetHints":{"allow":["GET"]}}],"collection":[{"href":"https:\/\/jorgezanoni.com.br\/2019\/wp-json\/wp\/v2\/posts"}],"about":[{"href":"https:\/\/jorgezanoni.com.br\/2019\/wp-json\/wp\/v2\/types\/post"}],"author":[{"embeddable":true,"href":"https:\/\/jorgezanoni.com.br\/2019\/wp-json\/wp\/v2\/users\/1"}],"replies":[{"embeddable":true,"href":"https:\/\/jorgezanoni.com.br\/2019\/wp-json\/wp\/v2\/comments?post=11930"}],"version-history":[{"count":0,"href":"https:\/\/jorgezanoni.com.br\/2019\/wp-json\/wp\/v2\/posts\/11930\/revisions"}],"wp:featuredmedia":[{"embeddable":true,"href":"https:\/\/jorgezanoni.com.br\/2019\/wp-json\/wp\/v2\/media\/11932"}],"wp:attachment":[{"href":"https:\/\/jorgezanoni.com.br\/2019\/wp-json\/wp\/v2\/media?parent=11930"}],"wp:term":[{"taxonomy":"category","embeddable":true,"href":"https:\/\/jorgezanoni.com.br\/2019\/wp-json\/wp\/v2\/categories?post=11930"},{"taxonomy":"post_tag","embeddable":true,"href":"https:\/\/jorgezanoni.com.br\/2019\/wp-json\/wp\/v2\/tags?post=11930"}],"curies":[{"name":"wp","href":"https:\/\/api.w.org\/{rel}","templated":true}]}}