{"id":11927,"date":"2019-11-21T21:14:32","date_gmt":"2019-11-21T21:14:32","guid":{"rendered":"https:\/\/jorgezanoni.com.br\/2019\/?p=11927"},"modified":"2019-11-21T21:14:32","modified_gmt":"2019-11-21T21:14:32","slug":"gugu-liberato-sofre-acidente-domestico-e-esta-hospitalizado","status":"publish","type":"post","link":"https:\/\/jorgezanoni.com.br\/2019\/gugu-liberato-sofre-acidente-domestico-e-esta-hospitalizado\/","title":{"rendered":"Gugu Liberato sofre acidente dom\u00e9stico e est\u00e1 hospitalizado"},"content":{"rendered":"<h2 class=\"article-subtitle\" style=\"text-align: justify;\"><strong>O apresentador seguir\u00e1 internado pelos pr\u00f3ximos dois dias. Gravidade ainda \u00e9 desconhecida.<\/strong><\/h2>\n<p style=\"text-align: justify;\">O apresentador Gugu Liberato sofreu ontem um acidente dom\u00e9stico em sua resid\u00eancia de Orlando, nos Estados Unidos, e precisou ser hospitalizado. A informa\u00e7\u00e3o foi confirmada \u00e0 VEJA por meio de um comunicado da assessoria de imprensa do apresentador.<\/p>\n<p style=\"text-align: justify;\">De acordo com o informe, Gugu est\u00e1 internado e deve seguir em observa\u00e7\u00e3o, inicialmente, pelos pr\u00f3ximos dois dias. Segundo o colunista social Amaury Jr., o apresentador teria ca\u00eddo de uma altura de 4 metros e chocado com a cabe\u00e7a na quina de um m\u00f3vel.<\/p>\n<p style=\"text-align: justify;\">Fontes afirmam que a fam\u00edlia j\u00e1 est\u00e1 a caminho de Orlando, onde o apresentador segue hospitalizado.<\/p>\n<h3 style=\"text-align: justify;\">Comunicado<\/h3>\n<p style=\"text-align: justify;\">\u201cInformamos que nesta quarta-feira, 20, o apresentador Gugu Liberato sofreu um acidente em sua casa em Orlando e encontra-se internado em observa\u00e7\u00e3o por 48 horas.<\/p>\n<p style=\"text-align: justify;\">Voltaremos a informar assim que um boletim m\u00e9dico for emitido e contamos com o profissionalismo de todos os amigos da imprensa.\u201d<\/p>\n<p style=\"text-align: justify;\">Fonte: https:\/\/veja.abril.com.br\/<\/p>\n<p style=\"text-align: justify;\">\n","protected":false},"excerpt":{"rendered":"<p>O apresentador seguir\u00e1 internado pelos pr\u00f3ximos dois dias. Gravidade ainda \u00e9 desconhecida. O apresentador Gugu Liberato sofreu ontem um acidente dom\u00e9stico em sua resid\u00eancia de Orlando, nos Estados Unidos, e precisou ser hospitalizado. A informa\u00e7\u00e3o foi confirmada \u00e0 VEJA por meio de um comunicado da assessoria de imprensa do apresentador. De acordo com o informe, [&hellip;]<\/p>\n","protected":false},"author":1,"featured_media":11928,"comment_status":"closed","ping_status":"open","sticky":false,"template":"","format":"standard","meta":{"footnotes":""},"categories":[114,110],"tags":[],"class_list":["post-11927","post","type-post","status-publish","format-standard","has-post-thumbnail","hentry","category-geralecomercio","category-noticiasdestaque"],"_links":{"self":[{"href":"https:\/\/jorgezanoni.com.br\/2019\/wp-json\/wp\/v2\/posts\/11927","targetHints":{"allow":["GET"]}}],"collection":[{"href":"https:\/\/jorgezanoni.com.br\/2019\/wp-json\/wp\/v2\/posts"}],"about":[{"href":"https:\/\/jorgezanoni.com.br\/2019\/wp-json\/wp\/v2\/types\/post"}],"author":[{"embeddable":true,"href":"https:\/\/jorgezanoni.com.br\/2019\/wp-json\/wp\/v2\/users\/1"}],"replies":[{"embeddable":true,"href":"https:\/\/jorgezanoni.com.br\/2019\/wp-json\/wp\/v2\/comments?post=11927"}],"version-history":[{"count":0,"href":"https:\/\/jorgezanoni.com.br\/2019\/wp-json\/wp\/v2\/posts\/11927\/revisions"}],"wp:featuredmedia":[{"embeddable":true,"href":"https:\/\/jorgezanoni.com.br\/2019\/wp-json\/wp\/v2\/media\/11928"}],"wp:attachment":[{"href":"https:\/\/jorgezanoni.com.br\/2019\/wp-json\/wp\/v2\/media?parent=11927"}],"wp:term":[{"taxonomy":"category","embeddable":true,"href":"https:\/\/jorgezanoni.com.br\/2019\/wp-json\/wp\/v2\/categories?post=11927"},{"taxonomy":"post_tag","embeddable":true,"href":"https:\/\/jorgezanoni.com.br\/2019\/wp-json\/wp\/v2\/tags?post=11927"}],"curies":[{"name":"wp","href":"https:\/\/api.w.org\/{rel}","templated":true}]}}