{"id":11924,"date":"2019-11-21T17:34:14","date_gmt":"2019-11-21T17:34:14","guid":{"rendered":"https:\/\/jorgezanoni.com.br\/2019\/?p=11924"},"modified":"2019-11-21T17:35:15","modified_gmt":"2019-11-21T17:35:15","slug":"reclamacao-da-populacao-transporte-em-ambulancia-com-pacientes-ate-presidente-prudente-deixa-a-desejar","status":"publish","type":"post","link":"https:\/\/jorgezanoni.com.br\/2019\/reclamacao-da-populacao-transporte-em-ambulancia-com-pacientes-ate-presidente-prudente-deixa-a-desejar\/","title":{"rendered":"Reclama\u00e7\u00e3o da Popula\u00e7\u00e3o: Transporte em ambul\u00e2ncia com pacientes at\u00e9 Presidente Prudente deixa a desejar"},"content":{"rendered":"<p style=\"text-align: justify;\">Um morador de Dracena, envia v\u00eddeo para mostrar como anda o transporte de pacientes atrav\u00e9s de ambul\u00e2ncia, para Presidente Prudente.<\/p>\n<p style=\"text-align: justify;\">Alega o reclamante que o calor e barulho s\u00e3o insuport\u00e1veis e que ontem vieram em 6 pessoas, mais parecendo &#8220;uma lata de sardinha&#8221;, inclusive com uma paciente com traumatismo craniano.<\/p>\n<div id=\"fb-root\"><\/div>\n<p><script async=\"1\" defer=\"1\" crossorigin=\"anonymous\" src=\"https:\/\/connect.facebook.net\/en_US\/sdk.js#xfbml=1&amp;version=v5.0\"><\/script><\/p>\n<div class=\"fb-video\" data-href=\"https:\/\/www.facebook.com\/jorgezanonidracena\/videos\/533622904155904\/\" data-width=\"696\">\n<blockquote cite=\"https:\/\/www.facebook.com\/jorgezanonidracena\/videos\/533622904155904\/\" class=\"fb-xfbml-parse-ignore\"><p><a href=\"https:\/\/www.facebook.com\/jorgezanonidracena\/videos\/533622904155904\/\">Reclama\u00e7\u00e3o da Popula\u00e7\u00e3o: Transporte em ambul\u00e2ncia com pacientes at\u00e9 Presidente Prudente deixa a desejar<\/a><\/p>\n<p>Reclama\u00e7\u00e3o da Popula\u00e7\u00e3o: Transporte em ambul\u00e2ncia com pacientes at\u00e9 Presidente Prudente deixa a desejar. (V\u00eddeo de Internauta) 20\/11\/19<\/p>\n<p>Posted by <a href=\"https:\/\/www.facebook.com\/jorgezanonidracena\/\">Jorge Zanoni<\/a> on Thursday, November 21, 2019<\/p><\/blockquote>\n<\/div>\n<p>&nbsp;<\/p>\n","protected":false},"excerpt":{"rendered":"<p>Um morador de Dracena, envia v\u00eddeo para mostrar como anda o transporte de pacientes atrav\u00e9s de ambul\u00e2ncia, para Presidente Prudente. Alega o reclamante que o calor e barulho s\u00e3o insuport\u00e1veis e que ontem vieram em 6 pessoas, mais parecendo &#8220;uma lata de sardinha&#8221;, inclusive com uma paciente com traumatismo craniano. Reclama\u00e7\u00e3o da Popula\u00e7\u00e3o: Transporte em [&hellip;]<\/p>\n","protected":false},"author":1,"featured_media":11925,"comment_status":"closed","ping_status":"open","sticky":false,"template":"","format":"video","meta":{"footnotes":""},"categories":[169],"tags":[],"class_list":["post-11924","post","type-post","status-publish","format-video","has-post-thumbnail","hentry","category-videos","post_format-post-format-video"],"_links":{"self":[{"href":"https:\/\/jorgezanoni.com.br\/2019\/wp-json\/wp\/v2\/posts\/11924","targetHints":{"allow":["GET"]}}],"collection":[{"href":"https:\/\/jorgezanoni.com.br\/2019\/wp-json\/wp\/v2\/posts"}],"about":[{"href":"https:\/\/jorgezanoni.com.br\/2019\/wp-json\/wp\/v2\/types\/post"}],"author":[{"embeddable":true,"href":"https:\/\/jorgezanoni.com.br\/2019\/wp-json\/wp\/v2\/users\/1"}],"replies":[{"embeddable":true,"href":"https:\/\/jorgezanoni.com.br\/2019\/wp-json\/wp\/v2\/comments?post=11924"}],"version-history":[{"count":0,"href":"https:\/\/jorgezanoni.com.br\/2019\/wp-json\/wp\/v2\/posts\/11924\/revisions"}],"wp:featuredmedia":[{"embeddable":true,"href":"https:\/\/jorgezanoni.com.br\/2019\/wp-json\/wp\/v2\/media\/11925"}],"wp:attachment":[{"href":"https:\/\/jorgezanoni.com.br\/2019\/wp-json\/wp\/v2\/media?parent=11924"}],"wp:term":[{"taxonomy":"category","embeddable":true,"href":"https:\/\/jorgezanoni.com.br\/2019\/wp-json\/wp\/v2\/categories?post=11924"},{"taxonomy":"post_tag","embeddable":true,"href":"https:\/\/jorgezanoni.com.br\/2019\/wp-json\/wp\/v2\/tags?post=11924"}],"curies":[{"name":"wp","href":"https:\/\/api.w.org\/{rel}","templated":true}]}}