{"id":11917,"date":"2019-11-21T17:09:47","date_gmt":"2019-11-21T17:09:47","guid":{"rendered":"https:\/\/jorgezanoni.com.br\/2019\/?p=11917"},"modified":"2019-11-21T17:09:47","modified_gmt":"2019-11-21T17:09:47","slug":"loja-no-centro-de-londrina-fecha-apos-ser-assaltada-4-vezes-em-20-dias","status":"publish","type":"post","link":"https:\/\/jorgezanoni.com.br\/2019\/loja-no-centro-de-londrina-fecha-apos-ser-assaltada-4-vezes-em-20-dias\/","title":{"rendered":"Loja no Centro de Londrina fecha ap\u00f3s ser assaltada 4 vezes em 20 dias"},"content":{"rendered":"<p style=\"text-align: justify;\">Uma loja de revenda de celulares localizada na \u00e1rea central de Londrina, amanheceu fechada nesta quinta-feira (21). O que chamou a aten\u00e7\u00e3o \u00e9 que o propriet\u00e1rio chegou a colocar um banner explicando que o fechamento da empresa \u00e9 por conta do n\u00famero de assaltos registrados nos \u00faltimos dias.<\/p>\n<p style=\"text-align: justify;\">De acordo com a faixa pendurada em frente ao estabelecimento, ela estaria \u201cFechada por falta de seguran\u00e7a\u201d, e ainda, segundo o cartaz, foram registrados quatro assaltos em apenas 20 dias.<\/p>\n<p style=\"text-align: justify;\">Uma outra placa, j\u00e1 havia sido instalada no local, dias atr\u00e1s, explicando que o espa\u00e7o operava sem estoque, por\u00e9m, isso n\u00e3o inibiu a a\u00e7\u00e3o dos ladr\u00f5es.<\/p>\n<p style=\"text-align: justify;\">A Pol\u00edcia Militar (PM) aumentou o patrulhamento na regi\u00e3o central, mas segundo dados da pr\u00f3pria corpora\u00e7\u00e3o, a partir de janeiro de 2019, os furtos ao com\u00e9rcio aumentaram mais de 50% em Londrina.<\/p>\n<p style=\"text-align: justify;\">Fonte: https:\/\/temlondrina.com.br\/<\/p>\n","protected":false},"excerpt":{"rendered":"<p>Uma loja de revenda de celulares localizada na \u00e1rea central de Londrina, amanheceu fechada nesta quinta-feira (21). O que chamou a aten\u00e7\u00e3o \u00e9 que o propriet\u00e1rio chegou a colocar um banner explicando que o fechamento da empresa \u00e9 por conta do n\u00famero de assaltos registrados nos \u00faltimos dias. De acordo com a faixa pendurada em [&hellip;]<\/p>\n","protected":false},"author":1,"featured_media":11918,"comment_status":"closed","ping_status":"open","sticky":false,"template":"","format":"standard","meta":{"footnotes":""},"categories":[110,2],"tags":[],"class_list":["post-11917","post","type-post","status-publish","format-standard","has-post-thumbnail","hentry","category-noticiasdestaque","category-policial"],"_links":{"self":[{"href":"https:\/\/jorgezanoni.com.br\/2019\/wp-json\/wp\/v2\/posts\/11917","targetHints":{"allow":["GET"]}}],"collection":[{"href":"https:\/\/jorgezanoni.com.br\/2019\/wp-json\/wp\/v2\/posts"}],"about":[{"href":"https:\/\/jorgezanoni.com.br\/2019\/wp-json\/wp\/v2\/types\/post"}],"author":[{"embeddable":true,"href":"https:\/\/jorgezanoni.com.br\/2019\/wp-json\/wp\/v2\/users\/1"}],"replies":[{"embeddable":true,"href":"https:\/\/jorgezanoni.com.br\/2019\/wp-json\/wp\/v2\/comments?post=11917"}],"version-history":[{"count":0,"href":"https:\/\/jorgezanoni.com.br\/2019\/wp-json\/wp\/v2\/posts\/11917\/revisions"}],"wp:featuredmedia":[{"embeddable":true,"href":"https:\/\/jorgezanoni.com.br\/2019\/wp-json\/wp\/v2\/media\/11918"}],"wp:attachment":[{"href":"https:\/\/jorgezanoni.com.br\/2019\/wp-json\/wp\/v2\/media?parent=11917"}],"wp:term":[{"taxonomy":"category","embeddable":true,"href":"https:\/\/jorgezanoni.com.br\/2019\/wp-json\/wp\/v2\/categories?post=11917"},{"taxonomy":"post_tag","embeddable":true,"href":"https:\/\/jorgezanoni.com.br\/2019\/wp-json\/wp\/v2\/tags?post=11917"}],"curies":[{"name":"wp","href":"https:\/\/api.w.org\/{rel}","templated":true}]}}