{"id":11791,"date":"2019-11-20T16:18:18","date_gmt":"2019-11-20T16:18:18","guid":{"rendered":"https:\/\/jorgezanoni.com.br\/2019\/?p=11791"},"modified":"2019-11-20T16:18:18","modified_gmt":"2019-11-20T16:18:18","slug":"sob-ameaca-de-faca-homem-rouba-mercado-mas-acaba-preso-em-seguida-pela-pm","status":"publish","type":"post","link":"https:\/\/jorgezanoni.com.br\/2019\/sob-ameaca-de-faca-homem-rouba-mercado-mas-acaba-preso-em-seguida-pela-pm\/","title":{"rendered":"Sob amea\u00e7a de faca homem rouba Mercado mas acaba preso em seguida pela PM"},"content":{"rendered":"<p style=\"text-align: justify;\">Policiais Militares lograram \u00eaxito em prender um indiv\u00edduo na rua Fortaleza, que momentos antes havia roubado dinheiro amea\u00e7ando a v\u00edtima com faca em um Mercado do jardim S\u00e3o Crist\u00f3v\u00e3o.<\/p>\n<p style=\"text-align: justify;\">O homem que havia roubado o mercado e tomado rumo ignorado, acabou sendo abordado por policiais militares que tinham suas caracter\u00edsticas e ainda estava com o produto do furto (dinheiro). O bandido estava usando dois shorts de Tactel, um ciza e outro verde para tentar despistar os policiais.<\/p>\n<p style=\"text-align: justify;\">Ap\u00f3s ser detido confessou o crime e informou onde estava a faca usada na a\u00e7\u00e3o. Ele foi conduzido ao Plant\u00e3o Policial e est\u00e1 \u00e0 disposi\u00e7\u00e3o da Justi\u00e7a. O indiv\u00edduo j\u00e1 tem outras passagens pela Pol\u00edcia.<\/p>\n<p>Jorge Zanoni<\/p>\n<p>Foto Pol\u00edcia Militar\/cedida<\/p>\n<p>&nbsp;<\/p>\n","protected":false},"excerpt":{"rendered":"<p>Policiais Militares lograram \u00eaxito em prender um indiv\u00edduo na rua Fortaleza, que momentos antes havia roubado dinheiro amea\u00e7ando a v\u00edtima com faca em um Mercado do jardim S\u00e3o Crist\u00f3v\u00e3o. O homem que havia roubado o mercado e tomado rumo ignorado, acabou sendo abordado por policiais militares que tinham suas caracter\u00edsticas e ainda estava com o [&hellip;]<\/p>\n","protected":false},"author":1,"featured_media":11792,"comment_status":"closed","ping_status":"open","sticky":false,"template":"","format":"standard","meta":{"footnotes":""},"categories":[110,2],"tags":[],"class_list":["post-11791","post","type-post","status-publish","format-standard","has-post-thumbnail","hentry","category-noticiasdestaque","category-policial"],"_links":{"self":[{"href":"https:\/\/jorgezanoni.com.br\/2019\/wp-json\/wp\/v2\/posts\/11791","targetHints":{"allow":["GET"]}}],"collection":[{"href":"https:\/\/jorgezanoni.com.br\/2019\/wp-json\/wp\/v2\/posts"}],"about":[{"href":"https:\/\/jorgezanoni.com.br\/2019\/wp-json\/wp\/v2\/types\/post"}],"author":[{"embeddable":true,"href":"https:\/\/jorgezanoni.com.br\/2019\/wp-json\/wp\/v2\/users\/1"}],"replies":[{"embeddable":true,"href":"https:\/\/jorgezanoni.com.br\/2019\/wp-json\/wp\/v2\/comments?post=11791"}],"version-history":[{"count":0,"href":"https:\/\/jorgezanoni.com.br\/2019\/wp-json\/wp\/v2\/posts\/11791\/revisions"}],"wp:featuredmedia":[{"embeddable":true,"href":"https:\/\/jorgezanoni.com.br\/2019\/wp-json\/wp\/v2\/media\/11792"}],"wp:attachment":[{"href":"https:\/\/jorgezanoni.com.br\/2019\/wp-json\/wp\/v2\/media?parent=11791"}],"wp:term":[{"taxonomy":"category","embeddable":true,"href":"https:\/\/jorgezanoni.com.br\/2019\/wp-json\/wp\/v2\/categories?post=11791"},{"taxonomy":"post_tag","embeddable":true,"href":"https:\/\/jorgezanoni.com.br\/2019\/wp-json\/wp\/v2\/tags?post=11791"}],"curies":[{"name":"wp","href":"https:\/\/api.w.org\/{rel}","templated":true}]}}