{"id":11766,"date":"2019-11-20T10:44:47","date_gmt":"2019-11-20T10:44:47","guid":{"rendered":"https:\/\/jorgezanoni.com.br\/2019\/?p=11766"},"modified":"2019-11-20T10:44:47","modified_gmt":"2019-11-20T10:44:47","slug":"jovem-e-agredido-em-tupa-e-alega-homofobia-disseram-que-viado-tinha-que-morrer","status":"publish","type":"post","link":"https:\/\/jorgezanoni.com.br\/2019\/jovem-e-agredido-em-tupa-e-alega-homofobia-disseram-que-viado-tinha-que-morrer\/","title":{"rendered":"Jovem \u00e9 agredido em Tup\u00e3 e alega homofobia: &#8216;Disseram que &#8216;viado&#8217; tinha que morrer&#8217;"},"content":{"rendered":"<h2 class=\"content-head__subtitle\" style=\"text-align: justify;\"><strong>V\u00edtima relatou \u00e0 pol\u00edcia que se desentendeu com um jovem em um baile funk e no dia seguinte, rapaz e amigos o agrediram. Caso foi registrado como les\u00e3o corporal e \u00e9 investigado pela DIG.<\/strong><\/h2>\n<div class=\"mc-column content-text active-extra-styles \" data-block-type=\"unstyled\" data-block-weight=\"50\" data-block-id=\"2\">\n<p class=\"content-text__container \" style=\"text-align: justify;\" data-track-category=\"Link no Texto\" data-track-links=\"\">Um jovem de 25 anos registrou um boletim de ocorr\u00eancia depois de ser agredido por um grupo em Tup\u00e3 (SP). Segundo o rapaz, as agress\u00f5es ocorreram por ele ser homossexual. O caso teria ocorrido na \u00faltima sexta-feira (15) e a v\u00edtima passou por corpo de delito nesta segunda-feira (18).<\/p>\n<\/div>\n<div class=\"wall protected-content\">\n<div class=\"mc-column content-text active-extra-styles \" data-block-type=\"unstyled\" data-block-weight=\"42\" data-block-id=\"3\">\n<p class=\"content-text__container \" style=\"text-align: justify;\" data-track-category=\"Link no Texto\" data-track-links=\"\">De acordo com o registro da Pol\u00edcia Civil, a v\u00edtima relatou que se desentendeu com um rapaz em um baile funk, na noite de quinta-feira (14). Ao\u00a0<strong>G1<\/strong>, o jovem, que n\u00e3o quis se identificar, disse que foi um caso de homofobia.<\/p>\n<p class=\"content-text__container \" style=\"text-align: justify;\" data-track-category=\"Link no Texto\" data-track-links=\"\"><span style=\"font-style: italic; text-align: center;\">&#8220;O rapaz estava na festa e falou que eu estava me esfregando nele. Eu sou gay e gosto de dan\u00e7ar, de me divertir. A\u00ed ele pegou e deu tr\u00eas murros nas minhas costas. Quando virei de frente, descontei e ficou por isso mesmo&#8221;, lembra o jovem.<\/span><\/p>\n<p data-track-category=\"Link no Texto\" data-track-links=\"\"><img loading=\"lazy\" decoding=\"async\" class=\"alignnone size-full wp-image-11768\" src=\"https:\/\/jorgezanoni.com.br\/2019\/wp-content\/uploads\/2019\/11\/viado1.jpeg\" alt=\"\" width=\"1200\" height=\"2131\" srcset=\"https:\/\/jorgezanoni.com.br\/2019\/wp-content\/uploads\/2019\/11\/viado1.jpeg 1200w, https:\/\/jorgezanoni.com.br\/2019\/wp-content\/uploads\/2019\/11\/viado1-169x300.jpeg 169w, https:\/\/jorgezanoni.com.br\/2019\/wp-content\/uploads\/2019\/11\/viado1-768x1364.jpeg 768w, https:\/\/jorgezanoni.com.br\/2019\/wp-content\/uploads\/2019\/11\/viado1-577x1024.jpeg 577w, https:\/\/jorgezanoni.com.br\/2019\/wp-content\/uploads\/2019\/11\/viado1-696x1236.jpeg 696w, https:\/\/jorgezanoni.com.br\/2019\/wp-content\/uploads\/2019\/11\/viado1-1068x1897.jpeg 1068w, https:\/\/jorgezanoni.com.br\/2019\/wp-content\/uploads\/2019\/11\/viado1-237x420.jpeg 237w\" sizes=\"auto, (max-width: 1200px) 100vw, 1200px\" \/><\/p>\n<div class=\"row medium-uncollapsed content-media content-photo\" data-block-type=\"backstage-photo\" data-block-id=\"6\">\n<div class=\"mc-column content-media__container\">\n<p class=\"content-media__description \" style=\"text-align: justify;\">Rapaz teve les\u00f5es no corpo e no rosto, devido \u00e0s agress\u00f5es sofridas em Tup\u00e3 \u2014 Foto: Arquivo pessoal<\/p>\n<\/div>\n<\/div>\n<div class=\"mc-column content-text active-extra-styles \" style=\"text-align: justify;\" data-block-type=\"unstyled\" data-block-weight=\"38\" data-block-id=\"7\">\n<p class=\"content-text__container \" data-track-category=\"Link no Texto\" data-track-links=\"\">Ainda segundo o boletim de ocorr\u00eancia, na sexta-feira, o rapaz com quem a v\u00edtima tinha se desentendido no dia anterior o encontrou em uma choperia da cidade, na Avenida Tamoios, e os dois tiveram uma nova discuss\u00e3o.<\/p>\n<\/div>\n<div class=\"mc-column content-text active-extra-styles \" data-block-type=\"unstyled\" data-block-weight=\"36\" data-block-id=\"8\">\n<p class=\"content-text__container \" style=\"text-align: justify;\" data-track-category=\"Link no Texto\" data-track-links=\"\">O rapaz estava acompanhado de dois amigos, um homem e uma mulher, que tamb\u00e9m se envolveram na confus\u00e3o. De acordo com o registro, a v\u00edtima foi agredida com arranh\u00f5es, chutes e &#8216;gravatas&#8217;, sofrendo diversas les\u00f5es.<\/p>\n<p style=\"text-align: justify;\" data-track-category=\"Link no Texto\" data-track-links=\"\"><img loading=\"lazy\" decoding=\"async\" class=\"alignnone size-full wp-image-11769\" src=\"https:\/\/jorgezanoni.com.br\/2019\/wp-content\/uploads\/2019\/11\/viado2.jpeg\" alt=\"\" width=\"1200\" height=\"2131\" srcset=\"https:\/\/jorgezanoni.com.br\/2019\/wp-content\/uploads\/2019\/11\/viado2.jpeg 1200w, https:\/\/jorgezanoni.com.br\/2019\/wp-content\/uploads\/2019\/11\/viado2-169x300.jpeg 169w, https:\/\/jorgezanoni.com.br\/2019\/wp-content\/uploads\/2019\/11\/viado2-768x1364.jpeg 768w, https:\/\/jorgezanoni.com.br\/2019\/wp-content\/uploads\/2019\/11\/viado2-577x1024.jpeg 577w, https:\/\/jorgezanoni.com.br\/2019\/wp-content\/uploads\/2019\/11\/viado2-696x1236.jpeg 696w, https:\/\/jorgezanoni.com.br\/2019\/wp-content\/uploads\/2019\/11\/viado2-1068x1897.jpeg 1068w, https:\/\/jorgezanoni.com.br\/2019\/wp-content\/uploads\/2019\/11\/viado2-237x420.jpeg 237w\" sizes=\"auto, (max-width: 1200px) 100vw, 1200px\" \/>V\u00edtima de 25 anos disse ao G1 que foi agredida por homofobia \u2014 Foto: Arquivo pessoal<\/p>\n<p style=\"text-align: justify;\" data-track-category=\"Link no Texto\" data-track-links=\"\"><span style=\"font-style: italic; text-align: center;\">Um dos caras falou que &#8216;viado&#8217; tinha que morrer, que tinha que apanhar mesmo. A\u00ed me levaram para o meio da rua e come\u00e7aram a me bater&#8221;, contou a v\u00edtima ao\u00a0<\/span><strong style=\"font-style: italic; text-align: center;\">G1<\/strong><span style=\"font-style: italic; text-align: center;\">.<\/span><\/p>\n<div class=\"mc-column content-text active-extra-styles \" style=\"text-align: justify;\" data-block-type=\"unstyled\" data-block-weight=\"40\" data-block-id=\"12\">\n<p class=\"content-text__container \" data-track-category=\"Link no Texto\" data-track-links=\"\">Segundo o registro, o jovem foi socorrido para a UPA e, quando saiu do local, teve uma crise convulsiva e desmaiou, sendo levado para a Santa Casa para atendimento m\u00e9dico. A v\u00edtima recebeu alta e se recupera em casa.<\/p>\n<\/div>\n<div class=\"mc-column content-text active-extra-styles \" data-block-type=\"unstyled\" data-block-weight=\"45\" data-block-id=\"13\">\n<p class=\"content-text__container \" style=\"text-align: justify;\" data-track-category=\"Link no Texto\" data-track-links=\"\">O boletim de ocorr\u00eancia foi registrado como les\u00e3o corporal e o caso \u00e9 investigado pela Delegacia de Investiga\u00e7\u00f5es Gerais (DIG). De acordo com a delegada Milena Davoli, s\u00e3o realizadas dilig\u00eancias para tentar identificar os agressores e a motiva\u00e7\u00e3o do crime tamb\u00e9m \u00e9 apurada.<\/p>\n<p style=\"text-align: justify;\" data-track-category=\"Link no Texto\" data-track-links=\"\">Fonte: G1<\/p>\n<\/div>\n<\/div>\n<\/div>\n<\/div>\n","protected":false},"excerpt":{"rendered":"<p>V\u00edtima relatou \u00e0 pol\u00edcia que se desentendeu com um jovem em um baile funk e no dia seguinte, rapaz e amigos o agrediram. Caso foi registrado como les\u00e3o corporal e \u00e9 investigado pela DIG. Um jovem de 25 anos registrou um boletim de ocorr\u00eancia depois de ser agredido por um grupo em Tup\u00e3 (SP). Segundo [&hellip;]<\/p>\n","protected":false},"author":1,"featured_media":11767,"comment_status":"closed","ping_status":"open","sticky":false,"template":"","format":"standard","meta":{"footnotes":""},"categories":[110,2],"tags":[],"class_list":["post-11766","post","type-post","status-publish","format-standard","has-post-thumbnail","hentry","category-noticiasdestaque","category-policial"],"_links":{"self":[{"href":"https:\/\/jorgezanoni.com.br\/2019\/wp-json\/wp\/v2\/posts\/11766","targetHints":{"allow":["GET"]}}],"collection":[{"href":"https:\/\/jorgezanoni.com.br\/2019\/wp-json\/wp\/v2\/posts"}],"about":[{"href":"https:\/\/jorgezanoni.com.br\/2019\/wp-json\/wp\/v2\/types\/post"}],"author":[{"embeddable":true,"href":"https:\/\/jorgezanoni.com.br\/2019\/wp-json\/wp\/v2\/users\/1"}],"replies":[{"embeddable":true,"href":"https:\/\/jorgezanoni.com.br\/2019\/wp-json\/wp\/v2\/comments?post=11766"}],"version-history":[{"count":0,"href":"https:\/\/jorgezanoni.com.br\/2019\/wp-json\/wp\/v2\/posts\/11766\/revisions"}],"wp:featuredmedia":[{"embeddable":true,"href":"https:\/\/jorgezanoni.com.br\/2019\/wp-json\/wp\/v2\/media\/11767"}],"wp:attachment":[{"href":"https:\/\/jorgezanoni.com.br\/2019\/wp-json\/wp\/v2\/media?parent=11766"}],"wp:term":[{"taxonomy":"category","embeddable":true,"href":"https:\/\/jorgezanoni.com.br\/2019\/wp-json\/wp\/v2\/categories?post=11766"},{"taxonomy":"post_tag","embeddable":true,"href":"https:\/\/jorgezanoni.com.br\/2019\/wp-json\/wp\/v2\/tags?post=11766"}],"curies":[{"name":"wp","href":"https:\/\/api.w.org\/{rel}","templated":true}]}}