{"id":11760,"date":"2019-11-20T01:48:58","date_gmt":"2019-11-20T01:48:58","guid":{"rendered":"https:\/\/jorgezanoni.com.br\/2019\/?p=11760"},"modified":"2019-11-20T01:48:58","modified_gmt":"2019-11-20T01:48:58","slug":"inaugura-segunda-feira-a-jorrovi-calcados-de-dracena","status":"publish","type":"post","link":"https:\/\/jorgezanoni.com.br\/2019\/inaugura-segunda-feira-a-jorrovi-calcados-de-dracena\/","title":{"rendered":"Inaugura segunda-feira a Jorrovi Cal\u00e7ados de Dracena"},"content":{"rendered":"<p style=\"text-align: justify;\"><img loading=\"lazy\" decoding=\"async\" class=\"alignnone size-full wp-image-11763\" src=\"https:\/\/jorgezanoni.com.br\/2019\/wp-content\/uploads\/2019\/11\/jv-post-dracena-3-b.png\" alt=\"\" width=\"800\" height=\"800\" srcset=\"https:\/\/jorgezanoni.com.br\/2019\/wp-content\/uploads\/2019\/11\/jv-post-dracena-3-b.png 800w, https:\/\/jorgezanoni.com.br\/2019\/wp-content\/uploads\/2019\/11\/jv-post-dracena-3-b-150x150.png 150w, https:\/\/jorgezanoni.com.br\/2019\/wp-content\/uploads\/2019\/11\/jv-post-dracena-3-b-300x300.png 300w, https:\/\/jorgezanoni.com.br\/2019\/wp-content\/uploads\/2019\/11\/jv-post-dracena-3-b-768x768.png 768w, https:\/\/jorgezanoni.com.br\/2019\/wp-content\/uploads\/2019\/11\/jv-post-dracena-3-b-696x696.png 696w, https:\/\/jorgezanoni.com.br\/2019\/wp-content\/uploads\/2019\/11\/jv-post-dracena-3-b-420x420.png 420w\" sizes=\"auto, (max-width: 800px) 100vw, 800px\" \/>Aten\u00e7\u00e3o Dracena e toda a regi\u00e3o! A Jorrovi Cal\u00e7ados de Dracena vai inaugurar dia 25 de novembro, segunda feira \u00e1s 9 horas da manh\u00e3 na Av Roosevelt, 404 na frente do Supermercado Prata em Dracena!<\/p>\n<p><img loading=\"lazy\" decoding=\"async\" class=\"alignnone size-full wp-image-11764\" src=\"https:\/\/jorgezanoni.com.br\/2019\/wp-content\/uploads\/2019\/11\/jv-post-dracena-15.png\" alt=\"\" width=\"1080\" height=\"1080\" srcset=\"https:\/\/jorgezanoni.com.br\/2019\/wp-content\/uploads\/2019\/11\/jv-post-dracena-15.png 1080w, https:\/\/jorgezanoni.com.br\/2019\/wp-content\/uploads\/2019\/11\/jv-post-dracena-15-150x150.png 150w, https:\/\/jorgezanoni.com.br\/2019\/wp-content\/uploads\/2019\/11\/jv-post-dracena-15-300x300.png 300w, https:\/\/jorgezanoni.com.br\/2019\/wp-content\/uploads\/2019\/11\/jv-post-dracena-15-768x768.png 768w, https:\/\/jorgezanoni.com.br\/2019\/wp-content\/uploads\/2019\/11\/jv-post-dracena-15-1024x1024.png 1024w, https:\/\/jorgezanoni.com.br\/2019\/wp-content\/uploads\/2019\/11\/jv-post-dracena-15-696x696.png 696w, https:\/\/jorgezanoni.com.br\/2019\/wp-content\/uploads\/2019\/11\/jv-post-dracena-15-1068x1068.png 1068w, https:\/\/jorgezanoni.com.br\/2019\/wp-content\/uploads\/2019\/11\/jv-post-dracena-15-420x420.png 420w\" sizes=\"auto, (max-width: 1080px) 100vw, 1080px\" \/><\/p>\n","protected":false},"excerpt":{"rendered":"<p>Aten\u00e7\u00e3o Dracena e toda a regi\u00e3o! A Jorrovi Cal\u00e7ados de Dracena vai inaugurar dia 25 de novembro, segunda feira \u00e1s 9 horas da manh\u00e3 na Av Roosevelt, 404 na frente do Supermercado Prata em Dracena!<\/p>\n","protected":false},"author":1,"featured_media":11762,"comment_status":"closed","ping_status":"open","sticky":false,"template":"","format":"standard","meta":{"footnotes":""},"categories":[114,110],"tags":[],"class_list":["post-11760","post","type-post","status-publish","format-standard","has-post-thumbnail","hentry","category-geralecomercio","category-noticiasdestaque"],"_links":{"self":[{"href":"https:\/\/jorgezanoni.com.br\/2019\/wp-json\/wp\/v2\/posts\/11760","targetHints":{"allow":["GET"]}}],"collection":[{"href":"https:\/\/jorgezanoni.com.br\/2019\/wp-json\/wp\/v2\/posts"}],"about":[{"href":"https:\/\/jorgezanoni.com.br\/2019\/wp-json\/wp\/v2\/types\/post"}],"author":[{"embeddable":true,"href":"https:\/\/jorgezanoni.com.br\/2019\/wp-json\/wp\/v2\/users\/1"}],"replies":[{"embeddable":true,"href":"https:\/\/jorgezanoni.com.br\/2019\/wp-json\/wp\/v2\/comments?post=11760"}],"version-history":[{"count":0,"href":"https:\/\/jorgezanoni.com.br\/2019\/wp-json\/wp\/v2\/posts\/11760\/revisions"}],"wp:featuredmedia":[{"embeddable":true,"href":"https:\/\/jorgezanoni.com.br\/2019\/wp-json\/wp\/v2\/media\/11762"}],"wp:attachment":[{"href":"https:\/\/jorgezanoni.com.br\/2019\/wp-json\/wp\/v2\/media?parent=11760"}],"wp:term":[{"taxonomy":"category","embeddable":true,"href":"https:\/\/jorgezanoni.com.br\/2019\/wp-json\/wp\/v2\/categories?post=11760"},{"taxonomy":"post_tag","embeddable":true,"href":"https:\/\/jorgezanoni.com.br\/2019\/wp-json\/wp\/v2\/tags?post=11760"}],"curies":[{"name":"wp","href":"https:\/\/api.w.org\/{rel}","templated":true}]}}