{"id":11739,"date":"2019-11-19T23:21:26","date_gmt":"2019-11-19T23:21:26","guid":{"rendered":"https:\/\/jorgezanoni.com.br\/2019\/?p=11739"},"modified":"2019-11-19T23:21:26","modified_gmt":"2019-11-19T23:21:26","slug":"mulher-morre-apos-cair-de-moto-e-ser-atropelada-por-onibus-em-bauru","status":"publish","type":"post","link":"https:\/\/jorgezanoni.com.br\/2019\/mulher-morre-apos-cair-de-moto-e-ser-atropelada-por-onibus-em-bauru\/","title":{"rendered":"Mulher morre ap\u00f3s cair de moto e ser atropelada por \u00f4nibus em Bauru"},"content":{"rendered":"<h2 class=\"content-head__subtitle\" style=\"text-align: justify;\"><strong>V\u00edtima era de Ja\u00fa (SP) e estava na garupa da moto na regi\u00e3o central da cidade.<\/strong><\/h2>\n<div class=\"mc-column content-text active-extra-styles \" data-block-type=\"unstyled\" data-block-weight=\"27\" data-block-id=\"2\">\n<p class=\"content-text__container \" style=\"text-align: justify;\" data-track-category=\"Link no Texto\" data-track-links=\"\">Um acidente entre moto e um \u00f4nibus el\u00e9trico de Bauru (SP) matou uma mulher de 31 anos na tarde desta segunda-feira (18), na regi\u00e3o central da cidade.<\/p>\n<\/div>\n<div class=\"wall protected-content\">\n<div class=\"mc-column content-text active-extra-styles \" style=\"text-align: justify;\" data-block-type=\"unstyled\" data-block-weight=\"25\" data-block-id=\"3\">\n<p class=\"content-text__container \" data-track-category=\"Link no Texto\" data-track-links=\"\">Segundo informa\u00e7\u00f5es da Pol\u00edcia Militar e do Corpo de Bombeiros, a colis\u00e3o foi registrada pr\u00f3ximo ao cruzamento das ruas Ant\u00f4nio Alves e Ezequiel Ramos.<\/p>\n<\/div>\n<div class=\"mc-column content-text active-extra-styles \" data-block-type=\"unstyled\" data-block-weight=\"23\" data-block-id=\"4\">\n<p class=\"content-text__container \" style=\"text-align: justify;\" data-track-category=\"Link no Texto\" data-track-links=\"\">Na batida, a mulher, que estava na garupa da moto, caiu ao lado do \u00f4nibus, que fazia a linha Sabi\u00e1s-Higien\u00f3polis, e foi atropelada.<\/p>\n<div class=\"mc-column content-text active-extra-styles \" style=\"text-align: justify;\" data-block-type=\"unstyled\" data-block-weight=\"27\" data-block-id=\"2\">\n<p class=\"content-text__container \" data-track-category=\"Link no Texto\" data-track-links=\"\">Um acidente entre moto e um \u00f4nibus el\u00e9trico de Bauru (SP) matou uma mulher de 31 anos na tarde desta segunda-feira (18), na regi\u00e3o central da cidade.<\/p>\n<\/div>\n<div class=\"wall protected-content\">\n<div class=\"mc-column content-text active-extra-styles \" style=\"text-align: justify;\" data-block-type=\"unstyled\" data-block-weight=\"25\" data-block-id=\"3\">\n<p class=\"content-text__container \" data-track-category=\"Link no Texto\" data-track-links=\"\">Segundo informa\u00e7\u00f5es da Pol\u00edcia Militar e do Corpo de Bombeiros, a colis\u00e3o foi registrada pr\u00f3ximo ao cruzamento das ruas Ant\u00f4nio Alves e Ezequiel Ramos.<\/p>\n<\/div>\n<div class=\"mc-column content-text active-extra-styles \" data-block-type=\"unstyled\" data-block-weight=\"23\" data-block-id=\"4\">\n<p class=\"content-text__container \" style=\"text-align: justify;\" data-track-category=\"Link no Texto\" data-track-links=\"\">Na batida, a mulher, que estava na garupa da moto, caiu ao lado do \u00f4nibus, que fazia a linha Sabi\u00e1s-Higien\u00f3polis, e foi atropelada.<\/p>\n<div class=\"mc-column content-text active-extra-styles \" style=\"text-align: justify;\" data-block-type=\"unstyled\" data-block-weight=\"36\" data-block-id=\"7\">\n<p class=\"content-text__container \" data-track-category=\"Link no Texto\" data-track-links=\"\">Ainda de acordo com os bombeiros, o piloto da moto e o motorista do \u00f4nibus n\u00e3o se feriram, mas teriam ficado em estado de choque ap\u00f3s o acidente. A pol\u00edcia ainda investiga as causas do acidente.<\/p>\n<\/div>\n<div class=\"mc-column content-text active-extra-styles \" style=\"text-align: justify;\" data-block-type=\"unstyled\" data-block-weight=\"45\" data-block-id=\"8\">\n<p class=\"content-text__container \" data-track-category=\"Link no Texto\" data-track-links=\"\">Em nota, a Transurb, empresa concession\u00e1ria do transporte p\u00fablico em Bauru, informa que, segundo o relato do motorista, &#8220;o coletivo seguia na pista esquerda da Antonio Alves, quando a moto, que ia no mesmo sentido, tentou passar no corredor entre o \u00f4nibus e um carro&#8221;.<\/p>\n<\/div>\n<div class=\"mc-column content-text active-extra-styles \" data-block-type=\"unstyled\" data-block-weight=\"29\" data-block-id=\"9\">\n<p class=\"content-text__container \" style=\"text-align: justify;\" data-track-category=\"Link no Texto\" data-track-links=\"\">Neste momento, explica a nota, o motociclista se desequilibrou ap\u00f3s ap\u00f3s bater o guid\u00e3o na lateral do \u00f4nibus. O texto diz ainda que &#8220;a empresa lamenta profundamente acidente&#8221;.<\/p>\n<p style=\"text-align: justify;\" data-track-category=\"Link no Texto\" data-track-links=\"\"><img loading=\"lazy\" decoding=\"async\" class=\"alignnone size-full wp-image-11741\" src=\"https:\/\/jorgezanoni.com.br\/2019\/wp-content\/uploads\/2019\/11\/bauru1.jpeg\" alt=\"\" width=\"1200\" height=\"675\" srcset=\"https:\/\/jorgezanoni.com.br\/2019\/wp-content\/uploads\/2019\/11\/bauru1.jpeg 1200w, https:\/\/jorgezanoni.com.br\/2019\/wp-content\/uploads\/2019\/11\/bauru1-300x169.jpeg 300w, https:\/\/jorgezanoni.com.br\/2019\/wp-content\/uploads\/2019\/11\/bauru1-768x432.jpeg 768w, https:\/\/jorgezanoni.com.br\/2019\/wp-content\/uploads\/2019\/11\/bauru1-1024x576.jpeg 1024w, https:\/\/jorgezanoni.com.br\/2019\/wp-content\/uploads\/2019\/11\/bauru1-696x392.jpeg 696w, https:\/\/jorgezanoni.com.br\/2019\/wp-content\/uploads\/2019\/11\/bauru1-1068x601.jpeg 1068w, https:\/\/jorgezanoni.com.br\/2019\/wp-content\/uploads\/2019\/11\/bauru1-747x420.jpeg 747w\" sizes=\"auto, (max-width: 1200px) 100vw, 1200px\" \/>\u00d4nibus envolvido no acidente \u00e9 um modelo el\u00e9trico que atende o sistema de transporte p\u00fablico de Bauru: motorista em estado de choque \u2014 Foto: Ariane Flores\/TV TEM<\/p>\n<p data-track-category=\"Link no Texto\" data-track-links=\"\">Fonte: G1<\/p>\n<div class=\"content-ads content-ads--reveal\" data-block-type=\"ads\" data-block-id=\"11\">\n<div id=\"banner_materia__f2ba4518-6b3c-4993-a123-1bb6ddc44ffc\" class=\"tag-manager-publicidade-container mc-has-reveal mc-has-ad-lazyload tag-manager-publicidade-banner_materia__f2ba4518-6b3c-4993-a123-1bb6ddc44ffc tag-manager-publicidade-container--carregado tag-manager-publicidade-container--visivel\" data-id=\"banner_materia__f2ba4518-6b3c-4993-a123-1bb6ddc44ffc\" data-google-query-id=\"CNSa_9W09-UCFT3I4wcd8oQE_Q\" data-cid=\"138294561229\" data-lid=\"5222145964\"><\/div>\n<\/div>\n<\/div>\n<p data-track-category=\"Link no Texto\" data-track-links=\"\">\n<\/div>\n<\/div>\n<\/div>\n<\/div>\n","protected":false},"excerpt":{"rendered":"<p>V\u00edtima era de Ja\u00fa (SP) e estava na garupa da moto na regi\u00e3o central da cidade. Um acidente entre moto e um \u00f4nibus el\u00e9trico de Bauru (SP) matou uma mulher de 31 anos na tarde desta segunda-feira (18), na regi\u00e3o central da cidade. Segundo informa\u00e7\u00f5es da Pol\u00edcia Militar e do Corpo de Bombeiros, a colis\u00e3o [&hellip;]<\/p>\n","protected":false},"author":1,"featured_media":11740,"comment_status":"closed","ping_status":"open","sticky":false,"template":"","format":"standard","meta":{"footnotes":""},"categories":[170,110],"tags":[],"class_list":["post-11739","post","type-post","status-publish","format-standard","has-post-thumbnail","hentry","category-acidentes","category-noticiasdestaque"],"_links":{"self":[{"href":"https:\/\/jorgezanoni.com.br\/2019\/wp-json\/wp\/v2\/posts\/11739","targetHints":{"allow":["GET"]}}],"collection":[{"href":"https:\/\/jorgezanoni.com.br\/2019\/wp-json\/wp\/v2\/posts"}],"about":[{"href":"https:\/\/jorgezanoni.com.br\/2019\/wp-json\/wp\/v2\/types\/post"}],"author":[{"embeddable":true,"href":"https:\/\/jorgezanoni.com.br\/2019\/wp-json\/wp\/v2\/users\/1"}],"replies":[{"embeddable":true,"href":"https:\/\/jorgezanoni.com.br\/2019\/wp-json\/wp\/v2\/comments?post=11739"}],"version-history":[{"count":0,"href":"https:\/\/jorgezanoni.com.br\/2019\/wp-json\/wp\/v2\/posts\/11739\/revisions"}],"wp:featuredmedia":[{"embeddable":true,"href":"https:\/\/jorgezanoni.com.br\/2019\/wp-json\/wp\/v2\/media\/11740"}],"wp:attachment":[{"href":"https:\/\/jorgezanoni.com.br\/2019\/wp-json\/wp\/v2\/media?parent=11739"}],"wp:term":[{"taxonomy":"category","embeddable":true,"href":"https:\/\/jorgezanoni.com.br\/2019\/wp-json\/wp\/v2\/categories?post=11739"},{"taxonomy":"post_tag","embeddable":true,"href":"https:\/\/jorgezanoni.com.br\/2019\/wp-json\/wp\/v2\/tags?post=11739"}],"curies":[{"name":"wp","href":"https:\/\/api.w.org\/{rel}","templated":true}]}}