{"id":11733,"date":"2019-11-19T23:02:51","date_gmt":"2019-11-19T23:02:51","guid":{"rendered":"https:\/\/jorgezanoni.com.br\/2019\/?p=11733"},"modified":"2019-11-19T23:02:51","modified_gmt":"2019-11-19T23:02:51","slug":"sistema-de-prevencao-a-incendios-minimizou-estragos-em-montadora-de-onibus-que-pegou-fogo-em-botucatu-diz-empresa","status":"publish","type":"post","link":"https:\/\/jorgezanoni.com.br\/2019\/sistema-de-prevencao-a-incendios-minimizou-estragos-em-montadora-de-onibus-que-pegou-fogo-em-botucatu-diz-empresa\/","title":{"rendered":"Sistema de preven\u00e7\u00e3o a inc\u00eandios minimizou estragos em montadora de \u00f4nibus que pegou fogo em Botucatu, diz empresa"},"content":{"rendered":"<h2 class=\"content-head__subtitle\" style=\"text-align: justify;\"><strong>Segundo diretor industrial, fogo que atingiu o local na noite de segunda-feira (18) ficou concentrado nas chamin\u00e9s e interior do barrac\u00e3o foi preservado. Defesa Civil avalia danos na estrutura.<\/strong><\/h2>\n<div class=\"mc-column content-text active-extra-styles \" data-block-type=\"unstyled\" data-block-weight=\"40\" data-block-id=\"2\">\n<p class=\"content-text__container \" style=\"text-align: justify;\" data-track-category=\"Link no Texto\" data-track-links=\"\">O\u00a0<a href=\"https:\/\/g1.globo.com\/sp\/bauru-marilia\/noticia\/2019\/11\/19\/montadora-de-onibus-pega-fogo-em-botucatu.ghtml\">inc\u00eandio que atingiu alguns setores de uma montadora de \u00f4nibus<\/a>\u00a0na noite desta segunda-feira (18), em Botucatu (SP), chegou a assustar funcion\u00e1rios e moradores que passavam pelo local, mas n\u00e3o registrou feridos e deixou poucos estragos, segundo a empresa.<\/p>\n<\/div>\n<div class=\"wall protected-content\">\n<div class=\"mc-column content-text active-extra-styles \" data-block-type=\"unstyled\" data-block-weight=\"22\" data-block-id=\"3\">\n<p class=\"content-text__container \" style=\"text-align: justify;\" data-track-category=\"Link no Texto\" data-track-links=\"\">De acordo com o diretor industrial da Caio, Maur\u00edcio Louren\u00e7o da Cunha, o inc\u00eandio atingiu a c\u00e2mara de pintura e dois exaustores.<\/p>\n<div class=\"mc-column content-text active-extra-styles \" style=\"text-align: justify;\" data-block-type=\"unstyled\" data-block-weight=\"23\" data-block-id=\"6\">\n<p class=\"content-text__container \" data-track-category=\"Link no Texto\" data-track-links=\"\">O diretor explicou que o sistema de preven\u00e7\u00e3o de inc\u00eandios da empresa fez com que as chamas ficassem concentradas nas chamin\u00e9s do barrac\u00e3o.<\/p>\n<\/div>\n<div class=\"mc-column content-text active-extra-styles \" data-block-type=\"unstyled\" data-block-weight=\"40\" data-block-id=\"7\">\n<p class=\"content-text__container \" style=\"text-align: justify;\" data-track-category=\"Link no Texto\" data-track-links=\"\">\u201cForam atingidas duas cabines de revis\u00e3o de pintura, j\u00e1 no final do processo produtivo. O fogo ficou nas chamin\u00e9s e por isso a parte inferior e interna das cabines foi preservada. Nenhum ve\u00edculo foi atingido\u201d, explicou o diretor da empresa.<\/p>\n<p style=\"text-align: justify;\" data-track-category=\"Link no Texto\" data-track-links=\"\"><img loading=\"lazy\" decoding=\"async\" class=\"alignnone size-full wp-image-11734\" src=\"https:\/\/jorgezanoni.com.br\/2019\/wp-content\/uploads\/2019\/11\/botucatu1.jpg\" alt=\"\" width=\"1200\" height=\"1372\" srcset=\"https:\/\/jorgezanoni.com.br\/2019\/wp-content\/uploads\/2019\/11\/botucatu1.jpg 1200w, https:\/\/jorgezanoni.com.br\/2019\/wp-content\/uploads\/2019\/11\/botucatu1-262x300.jpg 262w, https:\/\/jorgezanoni.com.br\/2019\/wp-content\/uploads\/2019\/11\/botucatu1-768x878.jpg 768w, https:\/\/jorgezanoni.com.br\/2019\/wp-content\/uploads\/2019\/11\/botucatu1-896x1024.jpg 896w, https:\/\/jorgezanoni.com.br\/2019\/wp-content\/uploads\/2019\/11\/botucatu1-696x796.jpg 696w, https:\/\/jorgezanoni.com.br\/2019\/wp-content\/uploads\/2019\/11\/botucatu1-1068x1221.jpg 1068w, https:\/\/jorgezanoni.com.br\/2019\/wp-content\/uploads\/2019\/11\/botucatu1-367x420.jpg 367w\" sizes=\"auto, (max-width: 1200px) 100vw, 1200px\" \/>\u00d4nibus foram retirados do local e nenhum deles foi atingidos pelas chamas \u2014 Foto: Arquivo pessoal<\/p>\n<div class=\"mc-column content-text active-extra-styles \" style=\"text-align: justify;\" data-block-type=\"unstyled\" data-block-weight=\"26\" data-block-id=\"9\">\n<p class=\"content-text__container \" data-track-category=\"Link no Texto\" data-track-links=\"\">Louren\u00e7o destacou ainda que o mais importante \u00e9 que ningu\u00e9m se feriu. Segundo o diretor, \u201cum ou dois funcion\u00e1rios inalaram fuma\u00e7a, mas j\u00e1 est\u00e3o em casa\u201d.<\/p>\n<\/div>\n<div class=\"mc-column content-text active-extra-styles \" data-block-type=\"unstyled\" data-block-weight=\"33\" data-block-id=\"10\">\n<p class=\"content-text__container \" style=\"text-align: justify;\" data-track-category=\"Link no Texto\" data-track-links=\"\">De acordo com o Corpo de Bombeiros, o inc\u00eandio come\u00e7ou por volta de 20h e foi combatido inicialmente pela brigada de inc\u00eandio da empresa, que fica \u00e0s margens da rodovia Marechal Rondon (SP-300).<\/p>\n<p style=\"text-align: justify;\" data-track-category=\"Link no Texto\" data-track-links=\"\"><img loading=\"lazy\" decoding=\"async\" class=\"alignnone size-full wp-image-11735\" src=\"https:\/\/jorgezanoni.com.br\/2019\/wp-content\/uploads\/2019\/11\/botu.jpg\" alt=\"\" width=\"1200\" height=\"673\" srcset=\"https:\/\/jorgezanoni.com.br\/2019\/wp-content\/uploads\/2019\/11\/botu.jpg 1200w, https:\/\/jorgezanoni.com.br\/2019\/wp-content\/uploads\/2019\/11\/botu-300x168.jpg 300w, https:\/\/jorgezanoni.com.br\/2019\/wp-content\/uploads\/2019\/11\/botu-768x431.jpg 768w, https:\/\/jorgezanoni.com.br\/2019\/wp-content\/uploads\/2019\/11\/botu-1024x574.jpg 1024w, https:\/\/jorgezanoni.com.br\/2019\/wp-content\/uploads\/2019\/11\/botu-696x390.jpg 696w, https:\/\/jorgezanoni.com.br\/2019\/wp-content\/uploads\/2019\/11\/botu-1068x599.jpg 1068w, https:\/\/jorgezanoni.com.br\/2019\/wp-content\/uploads\/2019\/11\/botu-749x420.jpg 749w\" sizes=\"auto, (max-width: 1200px) 100vw, 1200px\" \/>Maur\u00edcio Louren\u00e7o da Cunha, diretor industrial da Caio: &#8220;O mais importante \u00e9 que n\u00e3o houver feridos&#8221; \u2014 Foto: TV TEM\/Reprodu\u00e7\u00e3o<\/p>\n<div class=\"mc-column content-text active-extra-styles \" style=\"text-align: justify;\" data-block-type=\"unstyled\" data-block-weight=\"29\" data-block-id=\"13\">\n<p class=\"content-text__container \" data-track-category=\"Link no Texto\" data-track-links=\"\">As chamas ficaram muito altas e podiam ser vistas por motoristas que passavam pelo local. Ap\u00f3s a chegada dos bombeiros, as chamas foram controladas em cerca de 30 minutos.<\/p>\n<\/div>\n<div class=\"mc-column content-text active-extra-styles \" data-block-type=\"unstyled\" data-block-weight=\"48\" data-block-id=\"14\">\n<p class=\"content-text__container \" style=\"text-align: justify;\" data-track-category=\"Link no Texto\" data-track-links=\"\">A per\u00edcia t\u00e9cnica esteve no local durante toda a manh\u00e3 desta ter\u00e7a-feira (19) para investigar as causas do incidente. A suspeita da empresa e de funcion\u00e1rios \u00e9 que um curto-circuito tenha provocado o inc\u00eandio. A Defesa Civil de Botucatu ainda avalia se a estrutura do pr\u00e9dio foi atingida.<\/p>\n<p style=\"text-align: justify;\" data-track-category=\"Link no Texto\" data-track-links=\"\"><img loading=\"lazy\" decoding=\"async\" class=\"alignnone size-full wp-image-11736\" src=\"https:\/\/jorgezanoni.com.br\/2019\/wp-content\/uploads\/2019\/11\/caio.jpg\" alt=\"\" width=\"1600\" height=\"891\" srcset=\"https:\/\/jorgezanoni.com.br\/2019\/wp-content\/uploads\/2019\/11\/caio.jpg 1600w, https:\/\/jorgezanoni.com.br\/2019\/wp-content\/uploads\/2019\/11\/caio-300x167.jpg 300w, https:\/\/jorgezanoni.com.br\/2019\/wp-content\/uploads\/2019\/11\/caio-768x428.jpg 768w, https:\/\/jorgezanoni.com.br\/2019\/wp-content\/uploads\/2019\/11\/caio-1024x570.jpg 1024w, https:\/\/jorgezanoni.com.br\/2019\/wp-content\/uploads\/2019\/11\/caio-696x388.jpg 696w, https:\/\/jorgezanoni.com.br\/2019\/wp-content\/uploads\/2019\/11\/caio-1068x595.jpg 1068w, https:\/\/jorgezanoni.com.br\/2019\/wp-content\/uploads\/2019\/11\/caio-754x420.jpg 754w\" sizes=\"auto, (max-width: 1600px) 100vw, 1600px\" \/>Defesa Civil de Botucatu esteve na montadora para avaliar poss\u00edveis danos na estrutura ap\u00f3s o inc\u00eandio \u2014 Foto: TV TEM\/Reprodu\u00e7\u00e3o<\/p>\n<p data-track-category=\"Link no Texto\" data-track-links=\"\">Fonte: G1<\/p>\n<div class=\"content-ads content-ads--reveal\" data-block-type=\"ads\" data-block-id=\"16\">\n<div id=\"banner_materia__b7976482-f7b3-4106-a7df-9837bb32dde7\" class=\"tag-manager-publicidade-container mc-has-reveal mc-has-ad-lazyload tag-manager-publicidade-banner_materia__b7976482-f7b3-4106-a7df-9837bb32dde7 tag-manager-publicidade-container--carregado tag-manager-publicidade-container--visivel\" data-id=\"banner_materia__b7976482-f7b3-4106-a7df-9837bb32dde7\" data-google-query-id=\"CIfD9piv9-UCFc90wQodeKINFQ\" data-cid=\"138294561229\" data-lid=\"5222145964\"><\/div>\n<\/div>\n<\/div>\n<\/div>\n<\/div>\n<\/div>\n<\/div>\n","protected":false},"excerpt":{"rendered":"<p>Segundo diretor industrial, fogo que atingiu o local na noite de segunda-feira (18) ficou concentrado nas chamin\u00e9s e interior do barrac\u00e3o foi preservado. Defesa Civil avalia danos na estrutura. O\u00a0inc\u00eandio que atingiu alguns setores de uma montadora de \u00f4nibus\u00a0na noite desta segunda-feira (18), em Botucatu (SP), chegou a assustar funcion\u00e1rios e moradores que passavam pelo [&hellip;]<\/p>\n","protected":false},"author":1,"featured_media":11737,"comment_status":"closed","ping_status":"open","sticky":false,"template":"","format":"standard","meta":{"footnotes":""},"categories":[2],"tags":[],"class_list":["post-11733","post","type-post","status-publish","format-standard","has-post-thumbnail","hentry","category-policial"],"_links":{"self":[{"href":"https:\/\/jorgezanoni.com.br\/2019\/wp-json\/wp\/v2\/posts\/11733","targetHints":{"allow":["GET"]}}],"collection":[{"href":"https:\/\/jorgezanoni.com.br\/2019\/wp-json\/wp\/v2\/posts"}],"about":[{"href":"https:\/\/jorgezanoni.com.br\/2019\/wp-json\/wp\/v2\/types\/post"}],"author":[{"embeddable":true,"href":"https:\/\/jorgezanoni.com.br\/2019\/wp-json\/wp\/v2\/users\/1"}],"replies":[{"embeddable":true,"href":"https:\/\/jorgezanoni.com.br\/2019\/wp-json\/wp\/v2\/comments?post=11733"}],"version-history":[{"count":0,"href":"https:\/\/jorgezanoni.com.br\/2019\/wp-json\/wp\/v2\/posts\/11733\/revisions"}],"wp:featuredmedia":[{"embeddable":true,"href":"https:\/\/jorgezanoni.com.br\/2019\/wp-json\/wp\/v2\/media\/11737"}],"wp:attachment":[{"href":"https:\/\/jorgezanoni.com.br\/2019\/wp-json\/wp\/v2\/media?parent=11733"}],"wp:term":[{"taxonomy":"category","embeddable":true,"href":"https:\/\/jorgezanoni.com.br\/2019\/wp-json\/wp\/v2\/categories?post=11733"},{"taxonomy":"post_tag","embeddable":true,"href":"https:\/\/jorgezanoni.com.br\/2019\/wp-json\/wp\/v2\/tags?post=11733"}],"curies":[{"name":"wp","href":"https:\/\/api.w.org\/{rel}","templated":true}]}}