{"id":11723,"date":"2019-11-19T22:08:39","date_gmt":"2019-11-19T22:08:39","guid":{"rendered":"https:\/\/jorgezanoni.com.br\/2019\/?p=11723"},"modified":"2019-11-19T22:08:39","modified_gmt":"2019-11-19T22:08:39","slug":"operacao-conjunta-apreende-motocicletas-estacionadas-irregularmente-na-area-central-de-presidente-prudente","status":"publish","type":"post","link":"https:\/\/jorgezanoni.com.br\/2019\/operacao-conjunta-apreende-motocicletas-estacionadas-irregularmente-na-area-central-de-presidente-prudente\/","title":{"rendered":"Opera\u00e7\u00e3o conjunta apreende motocicletas estacionadas irregularmente na \u00e1rea central de Presidente Prudente"},"content":{"rendered":"<h2 class=\"content-head__subtitle\" style=\"text-align: justify;\"><strong>Fiscaliza\u00e7\u00e3o envolveu efetivos da Pol\u00edcia Militar e da Secretaria Municipal de Mobilidade Urbana e Coopera\u00e7\u00e3o em Seguran\u00e7a P\u00fablica (Semob) nesta ter\u00e7a-feira (19).<\/strong><\/h2>\n<div class=\"mc-column content-text active-extra-styles \" data-block-type=\"unstyled\" data-block-weight=\"39\" data-block-id=\"2\">\n<p class=\"content-text__container \" style=\"text-align: justify;\" data-track-category=\"Link no Texto\" data-track-links=\"\">Uma opera\u00e7\u00e3o conjunta realizada pela Pol\u00edcia Militar e pela Secretaria Municipal de Mobilidade Urbana e Coopera\u00e7\u00e3o em Seguran\u00e7a P\u00fablica (Semob) apreendeu nesta ter\u00e7a-feira (19) sete motocicletas que estavam estacionadas irregularmente em vias p\u00fablicas na \u00e1rea central de\u00a0<a href=\"https:\/\/g1.globo.com\/sp\/presidente-prudente-regiao\/cidade\/presidente-prudente\/\">Presidente Prudente<\/a>.<\/p>\n<\/div>\n<div class=\"wall protected-content\">\n<div class=\"mc-column content-text active-extra-styles \" style=\"text-align: justify;\" data-block-type=\"unstyled\" data-block-weight=\"33\" data-block-id=\"3\">\n<p class=\"content-text__container \" data-track-category=\"Link no Texto\" data-track-links=\"\">De acordo com as informa\u00e7\u00f5es fornecidas pela Semob ao\u00a0<strong>G1<\/strong>, os agentes depararam-se, durante a fiscaliza\u00e7\u00e3o, com as motocicletas estacionadas em espa\u00e7os reservados exclusivamente a ve\u00edculos utilizados por idosos ou pessoas com defici\u00eancia.<\/p>\n<\/div>\n<div class=\"mc-column content-text active-extra-styles \" data-block-type=\"unstyled\" data-block-weight=\"31\" data-block-id=\"4\">\n<p class=\"content-text__container \" style=\"text-align: justify;\" data-track-category=\"Link no Texto\" data-track-links=\"\">Al\u00e9m disso, ainda segundo a Semob, tamb\u00e9m foi constatado durante a fiscaliza\u00e7\u00e3o o estacionamento fora dos bols\u00f5es destinados somente a motocicletas no per\u00edmetro de funcionamento do sistema rotativo de Zona Azul.<\/p>\n<p style=\"text-align: justify;\" data-track-category=\"Link no Texto\" data-track-links=\"\">Todas as motocicletas recolhidas foram guinchadas e levadas ao P\u00e1tio Municipal de apreens\u00f5es de ve\u00edculos.<\/p>\n<p style=\"text-align: justify;\" data-track-category=\"Link no Texto\" data-track-links=\"\"><img loading=\"lazy\" decoding=\"async\" class=\"alignnone size-full wp-image-11724\" src=\"https:\/\/jorgezanoni.com.br\/2019\/wp-content\/uploads\/2019\/11\/fotos3.jpg\" alt=\"\" width=\"1200\" height=\"853\" srcset=\"https:\/\/jorgezanoni.com.br\/2019\/wp-content\/uploads\/2019\/11\/fotos3.jpg 1200w, https:\/\/jorgezanoni.com.br\/2019\/wp-content\/uploads\/2019\/11\/fotos3-300x213.jpg 300w, https:\/\/jorgezanoni.com.br\/2019\/wp-content\/uploads\/2019\/11\/fotos3-768x546.jpg 768w, https:\/\/jorgezanoni.com.br\/2019\/wp-content\/uploads\/2019\/11\/fotos3-1024x728.jpg 1024w, https:\/\/jorgezanoni.com.br\/2019\/wp-content\/uploads\/2019\/11\/fotos3-100x70.jpg 100w, https:\/\/jorgezanoni.com.br\/2019\/wp-content\/uploads\/2019\/11\/fotos3-696x495.jpg 696w, https:\/\/jorgezanoni.com.br\/2019\/wp-content\/uploads\/2019\/11\/fotos3-1068x759.jpg 1068w, https:\/\/jorgezanoni.com.br\/2019\/wp-content\/uploads\/2019\/11\/fotos3-591x420.jpg 591w\" sizes=\"auto, (max-width: 1200px) 100vw, 1200px\" \/><img loading=\"lazy\" decoding=\"async\" class=\"alignnone size-full wp-image-11725\" src=\"https:\/\/jorgezanoni.com.br\/2019\/wp-content\/uploads\/2019\/11\/moto-1.jpg\" alt=\"\" width=\"1200\" height=\"900\" srcset=\"https:\/\/jorgezanoni.com.br\/2019\/wp-content\/uploads\/2019\/11\/moto-1.jpg 1200w, https:\/\/jorgezanoni.com.br\/2019\/wp-content\/uploads\/2019\/11\/moto-1-300x225.jpg 300w, https:\/\/jorgezanoni.com.br\/2019\/wp-content\/uploads\/2019\/11\/moto-1-768x576.jpg 768w, https:\/\/jorgezanoni.com.br\/2019\/wp-content\/uploads\/2019\/11\/moto-1-1024x768.jpg 1024w, https:\/\/jorgezanoni.com.br\/2019\/wp-content\/uploads\/2019\/11\/moto-1-80x60.jpg 80w, https:\/\/jorgezanoni.com.br\/2019\/wp-content\/uploads\/2019\/11\/moto-1-265x198.jpg 265w, https:\/\/jorgezanoni.com.br\/2019\/wp-content\/uploads\/2019\/11\/moto-1-696x522.jpg 696w, https:\/\/jorgezanoni.com.br\/2019\/wp-content\/uploads\/2019\/11\/moto-1-1068x801.jpg 1068w, https:\/\/jorgezanoni.com.br\/2019\/wp-content\/uploads\/2019\/11\/moto-1-560x420.jpg 560w\" sizes=\"auto, (max-width: 1200px) 100vw, 1200px\" \/>Fiscaliza\u00e7\u00e3o apreendeu motos estacionadas irregularmente em Presidente Prudente \u2014 Foto: Cedida<\/p>\n<p data-track-category=\"Link no Texto\" data-track-links=\"\">Fonte: G1<\/p>\n<\/div>\n<\/div>\n","protected":false},"excerpt":{"rendered":"<p>Fiscaliza\u00e7\u00e3o envolveu efetivos da Pol\u00edcia Militar e da Secretaria Municipal de Mobilidade Urbana e Coopera\u00e7\u00e3o em Seguran\u00e7a P\u00fablica (Semob) nesta ter\u00e7a-feira (19). Uma opera\u00e7\u00e3o conjunta realizada pela Pol\u00edcia Militar e pela Secretaria Municipal de Mobilidade Urbana e Coopera\u00e7\u00e3o em Seguran\u00e7a P\u00fablica (Semob) apreendeu nesta ter\u00e7a-feira (19) sete motocicletas que estavam estacionadas irregularmente em vias p\u00fablicas [&hellip;]<\/p>\n","protected":false},"author":1,"featured_media":11726,"comment_status":"closed","ping_status":"open","sticky":false,"template":"","format":"standard","meta":{"footnotes":""},"categories":[180],"tags":[],"class_list":["post-11723","post","type-post","status-publish","format-standard","has-post-thumbnail","hentry","category-estradastransitoveiculos"],"_links":{"self":[{"href":"https:\/\/jorgezanoni.com.br\/2019\/wp-json\/wp\/v2\/posts\/11723","targetHints":{"allow":["GET"]}}],"collection":[{"href":"https:\/\/jorgezanoni.com.br\/2019\/wp-json\/wp\/v2\/posts"}],"about":[{"href":"https:\/\/jorgezanoni.com.br\/2019\/wp-json\/wp\/v2\/types\/post"}],"author":[{"embeddable":true,"href":"https:\/\/jorgezanoni.com.br\/2019\/wp-json\/wp\/v2\/users\/1"}],"replies":[{"embeddable":true,"href":"https:\/\/jorgezanoni.com.br\/2019\/wp-json\/wp\/v2\/comments?post=11723"}],"version-history":[{"count":0,"href":"https:\/\/jorgezanoni.com.br\/2019\/wp-json\/wp\/v2\/posts\/11723\/revisions"}],"wp:featuredmedia":[{"embeddable":true,"href":"https:\/\/jorgezanoni.com.br\/2019\/wp-json\/wp\/v2\/media\/11726"}],"wp:attachment":[{"href":"https:\/\/jorgezanoni.com.br\/2019\/wp-json\/wp\/v2\/media?parent=11723"}],"wp:term":[{"taxonomy":"category","embeddable":true,"href":"https:\/\/jorgezanoni.com.br\/2019\/wp-json\/wp\/v2\/categories?post=11723"},{"taxonomy":"post_tag","embeddable":true,"href":"https:\/\/jorgezanoni.com.br\/2019\/wp-json\/wp\/v2\/tags?post=11723"}],"curies":[{"name":"wp","href":"https:\/\/api.w.org\/{rel}","templated":true}]}}