{"id":11720,"date":"2019-11-19T21:50:32","date_gmt":"2019-11-19T21:50:32","guid":{"rendered":"https:\/\/jorgezanoni.com.br\/2019\/?p=11720"},"modified":"2019-11-19T21:50:32","modified_gmt":"2019-11-19T21:50:32","slug":"creche-no-emilio-zanata-e-danificada-e-furtada","status":"publish","type":"post","link":"https:\/\/jorgezanoni.com.br\/2019\/creche-no-emilio-zanata-e-danificada-e-furtada\/","title":{"rendered":"Creche no Em\u00edlio Zanata \u00e9 danificada e furtada"},"content":{"rendered":"<p style=\"text-align: justify;\">Na manh\u00e3 de ontem, 18, a Pol\u00edcia Militar atendeu ocorr\u00eancia de vandalismo e\u00a0 furto na creche localizada no bairro Em\u00edlio Zanatta. A diretora da unidade de ensino informou aos policiais que ao chegar para o trabalho constatou que v\u00e2ndalos danificaram o brinquedo pula-pula e furtaram outros brinquedos menores. Al\u00e9m disso, praticaram outros danos na instala\u00e7\u00e3o da creche, como jogar tinta e cola quente no ch\u00e3o. O caso ser\u00e1 investigado pela Pol\u00edcia Civil atrav\u00e9s da DIG\/DISE.<\/p>\n<p style=\"text-align: justify;\">Fonte: Portal Regional<\/p>\n","protected":false},"excerpt":{"rendered":"<p>Na manh\u00e3 de ontem, 18, a Pol\u00edcia Militar atendeu ocorr\u00eancia de vandalismo e\u00a0 furto na creche localizada no bairro Em\u00edlio Zanatta. A diretora da unidade de ensino informou aos policiais que ao chegar para o trabalho constatou que v\u00e2ndalos danificaram o brinquedo pula-pula e furtaram outros brinquedos menores. Al\u00e9m disso, praticaram outros danos na instala\u00e7\u00e3o [&hellip;]<\/p>\n","protected":false},"author":1,"featured_media":11721,"comment_status":"closed","ping_status":"open","sticky":false,"template":"","format":"standard","meta":{"footnotes":""},"categories":[2],"tags":[],"class_list":["post-11720","post","type-post","status-publish","format-standard","has-post-thumbnail","hentry","category-policial"],"_links":{"self":[{"href":"https:\/\/jorgezanoni.com.br\/2019\/wp-json\/wp\/v2\/posts\/11720","targetHints":{"allow":["GET"]}}],"collection":[{"href":"https:\/\/jorgezanoni.com.br\/2019\/wp-json\/wp\/v2\/posts"}],"about":[{"href":"https:\/\/jorgezanoni.com.br\/2019\/wp-json\/wp\/v2\/types\/post"}],"author":[{"embeddable":true,"href":"https:\/\/jorgezanoni.com.br\/2019\/wp-json\/wp\/v2\/users\/1"}],"replies":[{"embeddable":true,"href":"https:\/\/jorgezanoni.com.br\/2019\/wp-json\/wp\/v2\/comments?post=11720"}],"version-history":[{"count":0,"href":"https:\/\/jorgezanoni.com.br\/2019\/wp-json\/wp\/v2\/posts\/11720\/revisions"}],"wp:featuredmedia":[{"embeddable":true,"href":"https:\/\/jorgezanoni.com.br\/2019\/wp-json\/wp\/v2\/media\/11721"}],"wp:attachment":[{"href":"https:\/\/jorgezanoni.com.br\/2019\/wp-json\/wp\/v2\/media?parent=11720"}],"wp:term":[{"taxonomy":"category","embeddable":true,"href":"https:\/\/jorgezanoni.com.br\/2019\/wp-json\/wp\/v2\/categories?post=11720"},{"taxonomy":"post_tag","embeddable":true,"href":"https:\/\/jorgezanoni.com.br\/2019\/wp-json\/wp\/v2\/tags?post=11720"}],"curies":[{"name":"wp","href":"https:\/\/api.w.org\/{rel}","templated":true}]}}