{"id":11715,"date":"2019-11-19T17:06:55","date_gmt":"2019-11-19T17:06:55","guid":{"rendered":"https:\/\/jorgezanoni.com.br\/2019\/?p=11715"},"modified":"2019-11-19T17:06:55","modified_gmt":"2019-11-19T17:06:55","slug":"mecanico-de-motos-fica-ferido-em-acidente-perto-da-igreja-matriz-em-dracena","status":"publish","type":"post","link":"https:\/\/jorgezanoni.com.br\/2019\/mecanico-de-motos-fica-ferido-em-acidente-perto-da-igreja-matriz-em-dracena\/","title":{"rendered":"Mec\u00e2nico de motos fica ferido em acidente perto da igreja Matriz em Dracena"},"content":{"rendered":"<p style=\"text-align: justify;\">Nesta tarde de segunda-feira, 18, um mec\u00e2nico de motos, de 22 anos, desempregado, morador do Jardim Jussara, em Dracena sofreu escoria\u00e7\u00f5es pelo corpo, em acidente no cruzamento da Rua Frei Perin com a Avenida Jos\u00e9 Bonif\u00e1cio, nas proximidades da igreja Matriz Nossa Senhora Aparecida.<\/p>\n<p style=\"text-align: justify;\">Ele conduzia uma moto Fan 160 pela avenida (via preferencial) no sentido centro-bairro e no cruzamento se envolveu na colis\u00e3o com um ve\u00edculo com placas de S\u00e3o Paulo que seguia pela Frei Perin (via secund\u00e1ria).<\/p>\n<p style=\"text-align: justify;\">O motorista do carro disse aos policiais Amador e Madureira que atenderam a ocorr\u00eancia, que parou em respeito ao pare e ao prosseguir teve a vis\u00e3o ofuscada pelo sol e n\u00e3o viu a moto.<\/p>\n<p><img loading=\"lazy\" decoding=\"async\" class=\"alignnone size-full wp-image-11716\" src=\"https:\/\/jorgezanoni.com.br\/2019\/wp-content\/uploads\/2019\/11\/mecanico2.jpg\" alt=\"\" width=\"750\" height=\"500\" srcset=\"https:\/\/jorgezanoni.com.br\/2019\/wp-content\/uploads\/2019\/11\/mecanico2.jpg 750w, https:\/\/jorgezanoni.com.br\/2019\/wp-content\/uploads\/2019\/11\/mecanico2-300x200.jpg 300w, https:\/\/jorgezanoni.com.br\/2019\/wp-content\/uploads\/2019\/11\/mecanico2-696x464.jpg 696w, https:\/\/jorgezanoni.com.br\/2019\/wp-content\/uploads\/2019\/11\/mecanico2-630x420.jpg 630w\" sizes=\"auto, (max-width: 750px) 100vw, 750px\" \/> <img loading=\"lazy\" decoding=\"async\" class=\"alignnone size-full wp-image-11717\" src=\"https:\/\/jorgezanoni.com.br\/2019\/wp-content\/uploads\/2019\/11\/mecaninico1.jpg\" alt=\"\" width=\"750\" height=\"500\" srcset=\"https:\/\/jorgezanoni.com.br\/2019\/wp-content\/uploads\/2019\/11\/mecaninico1.jpg 750w, https:\/\/jorgezanoni.com.br\/2019\/wp-content\/uploads\/2019\/11\/mecaninico1-300x200.jpg 300w, https:\/\/jorgezanoni.com.br\/2019\/wp-content\/uploads\/2019\/11\/mecaninico1-696x464.jpg 696w, https:\/\/jorgezanoni.com.br\/2019\/wp-content\/uploads\/2019\/11\/mecaninico1-630x420.jpg 630w\" sizes=\"auto, (max-width: 750px) 100vw, 750px\" \/><\/p>\n<p style=\"text-align: justify;\">Fonte: Portal Regional<\/p>\n","protected":false},"excerpt":{"rendered":"<p>Nesta tarde de segunda-feira, 18, um mec\u00e2nico de motos, de 22 anos, desempregado, morador do Jardim Jussara, em Dracena sofreu escoria\u00e7\u00f5es pelo corpo, em acidente no cruzamento da Rua Frei Perin com a Avenida Jos\u00e9 Bonif\u00e1cio, nas proximidades da igreja Matriz Nossa Senhora Aparecida. Ele conduzia uma moto Fan 160 pela avenida (via preferencial) no [&hellip;]<\/p>\n","protected":false},"author":1,"featured_media":11718,"comment_status":"closed","ping_status":"open","sticky":false,"template":"","format":"standard","meta":{"footnotes":""},"categories":[170,110],"tags":[],"class_list":["post-11715","post","type-post","status-publish","format-standard","has-post-thumbnail","hentry","category-acidentes","category-noticiasdestaque"],"_links":{"self":[{"href":"https:\/\/jorgezanoni.com.br\/2019\/wp-json\/wp\/v2\/posts\/11715","targetHints":{"allow":["GET"]}}],"collection":[{"href":"https:\/\/jorgezanoni.com.br\/2019\/wp-json\/wp\/v2\/posts"}],"about":[{"href":"https:\/\/jorgezanoni.com.br\/2019\/wp-json\/wp\/v2\/types\/post"}],"author":[{"embeddable":true,"href":"https:\/\/jorgezanoni.com.br\/2019\/wp-json\/wp\/v2\/users\/1"}],"replies":[{"embeddable":true,"href":"https:\/\/jorgezanoni.com.br\/2019\/wp-json\/wp\/v2\/comments?post=11715"}],"version-history":[{"count":0,"href":"https:\/\/jorgezanoni.com.br\/2019\/wp-json\/wp\/v2\/posts\/11715\/revisions"}],"wp:featuredmedia":[{"embeddable":true,"href":"https:\/\/jorgezanoni.com.br\/2019\/wp-json\/wp\/v2\/media\/11718"}],"wp:attachment":[{"href":"https:\/\/jorgezanoni.com.br\/2019\/wp-json\/wp\/v2\/media?parent=11715"}],"wp:term":[{"taxonomy":"category","embeddable":true,"href":"https:\/\/jorgezanoni.com.br\/2019\/wp-json\/wp\/v2\/categories?post=11715"},{"taxonomy":"post_tag","embeddable":true,"href":"https:\/\/jorgezanoni.com.br\/2019\/wp-json\/wp\/v2\/tags?post=11715"}],"curies":[{"name":"wp","href":"https:\/\/api.w.org\/{rel}","templated":true}]}}