{"id":11698,"date":"2019-11-19T15:53:32","date_gmt":"2019-11-19T15:53:32","guid":{"rendered":"https:\/\/jorgezanoni.com.br\/2019\/?p=11698"},"modified":"2019-11-19T15:53:32","modified_gmt":"2019-11-19T15:53:32","slug":"carreta-tomba-na-sp-294-em-adamantina-e-vazamento-de-oleo-causa-desvio-de-veiculos","status":"publish","type":"post","link":"https:\/\/jorgezanoni.com.br\/2019\/carreta-tomba-na-sp-294-em-adamantina-e-vazamento-de-oleo-causa-desvio-de-veiculos\/","title":{"rendered":"Carreta tomba na SP-294 em Adamantina e vazamento de \u00f3leo causa desvio de ve\u00edculos"},"content":{"rendered":"<p><strong>Ve\u00edculo estava carregado com fardos de algod\u00e3o.<\/strong><\/p>\n<p><img loading=\"lazy\" decoding=\"async\" class=\"alignnone size-full wp-image-11701\" src=\"https:\/\/jorgezanoni.com.br\/2019\/wp-content\/uploads\/2019\/11\/carreta2.jpg\" alt=\"\" width=\"537\" height=\"302\" srcset=\"https:\/\/jorgezanoni.com.br\/2019\/wp-content\/uploads\/2019\/11\/carreta2.jpg 537w, https:\/\/jorgezanoni.com.br\/2019\/wp-content\/uploads\/2019\/11\/carreta2-300x169.jpg 300w\" sizes=\"auto, (max-width: 537px) 100vw, 537px\" \/><\/p>\n<p style=\"text-align: justify;\">Uma carreta carregada com fardos de algod\u00e3o tombou por volta das 9h30 da manh\u00e3 desta ter\u00e7a-feira (19), na Rodovia Comandante Jo\u00e3o Ribeiro de Barros (SP-294), trecho em que est\u00e1 localizado o trevo de acesso \u00e0 Rodovia Pl\u00e1cido Rocha que liga \u00e0 Lagoa Seca em Adamantina.<\/p>\n<p style=\"text-align: justify;\"><img loading=\"lazy\" decoding=\"async\" class=\"alignnone size-full wp-image-11700\" src=\"https:\/\/jorgezanoni.com.br\/2019\/wp-content\/uploads\/2019\/11\/carreta1.jpg\" alt=\"\" width=\"537\" height=\"302\" srcset=\"https:\/\/jorgezanoni.com.br\/2019\/wp-content\/uploads\/2019\/11\/carreta1.jpg 537w, https:\/\/jorgezanoni.com.br\/2019\/wp-content\/uploads\/2019\/11\/carreta1-300x169.jpg 300w\" sizes=\"auto, (max-width: 537px) 100vw, 537px\" \/><\/p>\n<p>O condutor fazia o trajeto em dire\u00e7\u00e3o \u00e0 Adamantina quando por motivos desconhecidos, a carreta com placas de Campo Grande \/ MS, que era tracionada pelo cavalo mec\u00e2nico acabou tombando no mesmo sentido.<\/p>\n<p style=\"text-align: justify;\"><img loading=\"lazy\" decoding=\"async\" class=\"alignnone size-full wp-image-11702\" src=\"https:\/\/jorgezanoni.com.br\/2019\/wp-content\/uploads\/2019\/11\/carreta3.jpg\" alt=\"\" width=\"537\" height=\"302\" srcset=\"https:\/\/jorgezanoni.com.br\/2019\/wp-content\/uploads\/2019\/11\/carreta3.jpg 537w, https:\/\/jorgezanoni.com.br\/2019\/wp-content\/uploads\/2019\/11\/carreta3-300x169.jpg 300w\" sizes=\"auto, (max-width: 537px) 100vw, 537px\" \/><\/p>\n<p>O cavalo mec\u00e2nico n\u00e3o tombou, por\u00e9m, foi parar na pista contr\u00e1ria. O tanque de combust\u00edvel foi danificado iniciando-se um grande vazamento de \u00f3leo diesel que atingiu a via.<\/p>\n<p style=\"text-align: justify;\"><img loading=\"lazy\" decoding=\"async\" class=\"alignnone size-full wp-image-11705\" src=\"https:\/\/jorgezanoni.com.br\/2019\/wp-content\/uploads\/2019\/11\/carreta4-1.jpg\" alt=\"\" width=\"537\" height=\"302\" srcset=\"https:\/\/jorgezanoni.com.br\/2019\/wp-content\/uploads\/2019\/11\/carreta4-1.jpg 537w, https:\/\/jorgezanoni.com.br\/2019\/wp-content\/uploads\/2019\/11\/carreta4-1-300x169.jpg 300w\" sizes=\"auto, (max-width: 537px) 100vw, 537px\" \/><\/p>\n<p>Devido o risco de derrapagem a pista foi interditada e o Corpo de Bombeiros de Adamantina realizou o aparato com cuidados especiais para evitar um poss\u00edvel inc\u00eandio e usou p\u00f3 de serra para conter o \u00f3leo derramado.<\/p>\n<p style=\"text-align: justify;\"><img loading=\"lazy\" decoding=\"async\" class=\"alignnone size-full wp-image-11704\" src=\"https:\/\/jorgezanoni.com.br\/2019\/wp-content\/uploads\/2019\/11\/carreta5.jpg\" alt=\"\" width=\"800\" height=\"450\" srcset=\"https:\/\/jorgezanoni.com.br\/2019\/wp-content\/uploads\/2019\/11\/carreta5.jpg 800w, https:\/\/jorgezanoni.com.br\/2019\/wp-content\/uploads\/2019\/11\/carreta5-300x169.jpg 300w, https:\/\/jorgezanoni.com.br\/2019\/wp-content\/uploads\/2019\/11\/carreta5-768x432.jpg 768w, https:\/\/jorgezanoni.com.br\/2019\/wp-content\/uploads\/2019\/11\/carreta5-696x392.jpg 696w, https:\/\/jorgezanoni.com.br\/2019\/wp-content\/uploads\/2019\/11\/carreta5-747x420.jpg 747w\" sizes=\"auto, (max-width: 800px) 100vw, 800px\" \/><\/p>\n<p>O tr\u00e1fego de ve\u00edculos no sentido Fl\u00f3rida Paulista\/Adamantina foi desviado e os motoristas orientados \u00e1 utilizar o prolongamento da Avenida Rio Branco, acessarem o Jardim Adamantina e novamente retornarem \u00e0 SP-294, desvio este que durou mais de duas horas at\u00e9 que o tr\u00e1fego pudesse ser restabelecido.<\/p>\n<p>O motorista ficou levemente ferido e foi conduzido para o Pronto Socorro de Adamantina onde foi atendido pela equipe m\u00e9dica.<\/p>\n<p>O ve\u00edculo tombado e a carga ainda continuam no local e a Pol\u00edcia Militar Rodovi\u00e1ria pede cautela aos condutores que trafegam pelo trecho visando evitar que um novo acidente aconte\u00e7a. O Departamento de Estradas de Rodagem atrav\u00e9s da Unidade B\u00e1sica de Atendimento ao Usu\u00e1rio tamb\u00e9m atua no controle de tr\u00e1fego e sinaliza\u00e7\u00e3o.<\/p>\n<p style=\"text-align: justify;\"><em>Fotos: Diego Fernandes \/ Adamantina Net \u2013 Folha Regional<\/em><\/p>\n","protected":false},"excerpt":{"rendered":"<p>Ve\u00edculo estava carregado com fardos de algod\u00e3o. Uma carreta carregada com fardos de algod\u00e3o tombou por volta das 9h30 da manh\u00e3 desta ter\u00e7a-feira (19), na Rodovia Comandante Jo\u00e3o Ribeiro de Barros (SP-294), trecho em que est\u00e1 localizado o trevo de acesso \u00e0 Rodovia Pl\u00e1cido Rocha que liga \u00e0 Lagoa Seca em Adamantina. O condutor fazia [&hellip;]<\/p>\n","protected":false},"author":1,"featured_media":11699,"comment_status":"closed","ping_status":"open","sticky":false,"template":"","format":"standard","meta":{"footnotes":""},"categories":[170,110],"tags":[],"class_list":["post-11698","post","type-post","status-publish","format-standard","has-post-thumbnail","hentry","category-acidentes","category-noticiasdestaque"],"_links":{"self":[{"href":"https:\/\/jorgezanoni.com.br\/2019\/wp-json\/wp\/v2\/posts\/11698","targetHints":{"allow":["GET"]}}],"collection":[{"href":"https:\/\/jorgezanoni.com.br\/2019\/wp-json\/wp\/v2\/posts"}],"about":[{"href":"https:\/\/jorgezanoni.com.br\/2019\/wp-json\/wp\/v2\/types\/post"}],"author":[{"embeddable":true,"href":"https:\/\/jorgezanoni.com.br\/2019\/wp-json\/wp\/v2\/users\/1"}],"replies":[{"embeddable":true,"href":"https:\/\/jorgezanoni.com.br\/2019\/wp-json\/wp\/v2\/comments?post=11698"}],"version-history":[{"count":0,"href":"https:\/\/jorgezanoni.com.br\/2019\/wp-json\/wp\/v2\/posts\/11698\/revisions"}],"wp:featuredmedia":[{"embeddable":true,"href":"https:\/\/jorgezanoni.com.br\/2019\/wp-json\/wp\/v2\/media\/11699"}],"wp:attachment":[{"href":"https:\/\/jorgezanoni.com.br\/2019\/wp-json\/wp\/v2\/media?parent=11698"}],"wp:term":[{"taxonomy":"category","embeddable":true,"href":"https:\/\/jorgezanoni.com.br\/2019\/wp-json\/wp\/v2\/categories?post=11698"},{"taxonomy":"post_tag","embeddable":true,"href":"https:\/\/jorgezanoni.com.br\/2019\/wp-json\/wp\/v2\/tags?post=11698"}],"curies":[{"name":"wp","href":"https:\/\/api.w.org\/{rel}","templated":true}]}}