{"id":11693,"date":"2019-11-19T15:35:52","date_gmt":"2019-11-19T15:35:52","guid":{"rendered":"https:\/\/jorgezanoni.com.br\/2019\/?p=11693"},"modified":"2019-11-19T15:35:52","modified_gmt":"2019-11-19T15:35:52","slug":"aniversaria-hoje-o-padre-wilson-luis-ramos-do-santuario-de-fatima","status":"publish","type":"post","link":"https:\/\/jorgezanoni.com.br\/2019\/aniversaria-hoje-o-padre-wilson-luis-ramos-do-santuario-de-fatima\/","title":{"rendered":"Aniversaria hoje o Padre W\u00edlson Lu\u00eds Ramos do Santu\u00e1rio de F\u00e1tima"},"content":{"rendered":"<p style=\"text-align: justify;\"><strong>O Padre W\u00edlson Lu\u00eds Ramos, P\u00e1roco do Santu\u00e1rio Nossa Senhora de F\u00e1tima de Dracena, completa 55 anos de vida hoje.<\/strong><\/p>\n<p><img loading=\"lazy\" decoding=\"async\" class=\"alignnone size-full wp-image-11694\" src=\"https:\/\/jorgezanoni.com.br\/2019\/wp-content\/uploads\/2019\/11\/Padre.jpg\" alt=\"\" width=\"960\" height=\"960\" srcset=\"https:\/\/jorgezanoni.com.br\/2019\/wp-content\/uploads\/2019\/11\/Padre.jpg 960w, https:\/\/jorgezanoni.com.br\/2019\/wp-content\/uploads\/2019\/11\/Padre-150x150.jpg 150w, https:\/\/jorgezanoni.com.br\/2019\/wp-content\/uploads\/2019\/11\/Padre-300x300.jpg 300w, https:\/\/jorgezanoni.com.br\/2019\/wp-content\/uploads\/2019\/11\/Padre-768x768.jpg 768w, https:\/\/jorgezanoni.com.br\/2019\/wp-content\/uploads\/2019\/11\/Padre-696x696.jpg 696w, https:\/\/jorgezanoni.com.br\/2019\/wp-content\/uploads\/2019\/11\/Padre-420x420.jpg 420w\" sizes=\"auto, (max-width: 960px) 100vw, 960px\" \/><\/p>\n<p style=\"text-align: justify;\">A comunidade de Dracena, especialmente os moradores da Vila Barros prestam homenagem ao Padre, pelos bons servi\u00e7os prestados em nossa cidade.<\/p>\n<p style=\"text-align: justify;\">Haver\u00e1 Missa de A\u00e7\u00e3o de Gra\u00e7as no Santu\u00e1rio hoje (19), \u00e0s 19:30 Horas, pelo anivers\u00e1rio do Padre Wilson.<\/p>\n<p><img loading=\"lazy\" decoding=\"async\" class=\"alignnone size-full wp-image-11695\" src=\"https:\/\/jorgezanoni.com.br\/2019\/wp-content\/uploads\/2019\/11\/padre2.png\" alt=\"\" width=\"960\" height=\"572\" srcset=\"https:\/\/jorgezanoni.com.br\/2019\/wp-content\/uploads\/2019\/11\/padre2.png 960w, https:\/\/jorgezanoni.com.br\/2019\/wp-content\/uploads\/2019\/11\/padre2-300x179.png 300w, https:\/\/jorgezanoni.com.br\/2019\/wp-content\/uploads\/2019\/11\/padre2-768x458.png 768w, https:\/\/jorgezanoni.com.br\/2019\/wp-content\/uploads\/2019\/11\/padre2-696x415.png 696w, https:\/\/jorgezanoni.com.br\/2019\/wp-content\/uploads\/2019\/11\/padre2-705x420.png 705w\" sizes=\"auto, (max-width: 960px) 100vw, 960px\" \/><\/p>\n<p style=\"text-align: justify;\">O Site JZ aproveita a oportunidade para desejar ao Padre W\u00edlson, paz, sa\u00fade e muitas felicidades e que continue sendo sempre iluminado por Deus para guiar o seu rebanho.<\/p>\n<p style=\"text-align: justify;\">Jorge Zanoni<\/p>\n","protected":false},"excerpt":{"rendered":"<p>O Padre W\u00edlson Lu\u00eds Ramos, P\u00e1roco do Santu\u00e1rio Nossa Senhora de F\u00e1tima de Dracena, completa 55 anos de vida hoje. A comunidade de Dracena, especialmente os moradores da Vila Barros prestam homenagem ao Padre, pelos bons servi\u00e7os prestados em nossa cidade. Haver\u00e1 Missa de A\u00e7\u00e3o de Gra\u00e7as no Santu\u00e1rio hoje (19), \u00e0s 19:30 Horas, pelo [&hellip;]<\/p>\n","protected":false},"author":1,"featured_media":11696,"comment_status":"closed","ping_status":"open","sticky":false,"template":"","format":"standard","meta":{"footnotes":""},"categories":[110,118],"tags":[],"class_list":["post-11693","post","type-post","status-publish","format-standard","has-post-thumbnail","hentry","category-noticiasdestaque","category-religiaoesolidariedade"],"_links":{"self":[{"href":"https:\/\/jorgezanoni.com.br\/2019\/wp-json\/wp\/v2\/posts\/11693","targetHints":{"allow":["GET"]}}],"collection":[{"href":"https:\/\/jorgezanoni.com.br\/2019\/wp-json\/wp\/v2\/posts"}],"about":[{"href":"https:\/\/jorgezanoni.com.br\/2019\/wp-json\/wp\/v2\/types\/post"}],"author":[{"embeddable":true,"href":"https:\/\/jorgezanoni.com.br\/2019\/wp-json\/wp\/v2\/users\/1"}],"replies":[{"embeddable":true,"href":"https:\/\/jorgezanoni.com.br\/2019\/wp-json\/wp\/v2\/comments?post=11693"}],"version-history":[{"count":0,"href":"https:\/\/jorgezanoni.com.br\/2019\/wp-json\/wp\/v2\/posts\/11693\/revisions"}],"wp:featuredmedia":[{"embeddable":true,"href":"https:\/\/jorgezanoni.com.br\/2019\/wp-json\/wp\/v2\/media\/11696"}],"wp:attachment":[{"href":"https:\/\/jorgezanoni.com.br\/2019\/wp-json\/wp\/v2\/media?parent=11693"}],"wp:term":[{"taxonomy":"category","embeddable":true,"href":"https:\/\/jorgezanoni.com.br\/2019\/wp-json\/wp\/v2\/categories?post=11693"},{"taxonomy":"post_tag","embeddable":true,"href":"https:\/\/jorgezanoni.com.br\/2019\/wp-json\/wp\/v2\/tags?post=11693"}],"curies":[{"name":"wp","href":"https:\/\/api.w.org\/{rel}","templated":true}]}}