{"id":11690,"date":"2019-11-19T15:13:40","date_gmt":"2019-11-19T15:13:40","guid":{"rendered":"https:\/\/jorgezanoni.com.br\/2019\/?p=11690"},"modified":"2019-11-19T15:13:40","modified_gmt":"2019-11-19T15:13:40","slug":"maior-montanha-russa-aquatica-do-mundo-sera-feita-em-andradina","status":"publish","type":"post","link":"https:\/\/jorgezanoni.com.br\/2019\/maior-montanha-russa-aquatica-do-mundo-sera-feita-em-andradina\/","title":{"rendered":"Maior montanha-russa aqu\u00e1tica do mundo ser\u00e1 feita em Andradina"},"content":{"rendered":"<p style=\"text-align: justify;\">Com a proposta de ser um dos grandes parques aqu\u00e1ticos das am\u00e9ricas o Acqualinda de Andradina ter\u00e1 entre as principais divers\u00f5es a maior montanha-russa aqu\u00e1tica do mundo. S\u00e3o 380 metros de comprimento.<\/p>\n<p style=\"text-align: justify;\">A compra dos equipamentos do parque foi efetivada nessa quinta-feira (14) pelo empres\u00e1rio M\u00e1rio Celso Lopes com a presen\u00e7a da prefeita Tamiko Inoue e do ex-prefeito e assessor de assuntos estrat\u00e9gicos Jamil Ono. O investimento \u00e9 de aproximadamente U$ 10 milh\u00f5es de d\u00f3lares, cerca de R$ 42 milh\u00f5es de reais.<\/p>\n<p style=\"text-align: justify;\">O contrato de compra foi para a aquisi\u00e7\u00e3o de 30 tobo\u00e1guas junto a empresa mexicana Aquakita, especializada em constru\u00e7\u00e3o de parques aqu\u00e1ticos pelo mundo. O empres\u00e1rio M\u00e1rio Celso esteve na sede da empresa em Monterrey e visitou parques constru\u00eddos pela Aquakita em Canc\u00fan.<\/p>\n<p style=\"text-align: justify;\">O engenheiro civil e diretor t\u00e9cnico da empresa, Alexandre Gryzinski, passou a semana em Andradina acompanhando as obras do parque e enalteceu a dimens\u00e3o do Acqualinda.<\/p>\n<p style=\"text-align: justify;\">\u201cEstou h\u00e1 15 anos trabalhando na constru\u00e7\u00e3o de parques aqu\u00e1ticos e este \u00e9 um dos mais belos projetos que eu j\u00e1 vi. O Acqualinda se equivale aos mais modernos parques do mundo e tem um diferencial muito importante que \u00e9 o de ser tem\u00e1tico. A responsabilidade social e ambiental s\u00e3o outras individualidades deste empreendimento\u201d, comentou Gryzinski, que ser\u00e1 o respons\u00e1vel t\u00e9cnico pela instala\u00e7\u00e3o dos equipamentos no parque andradinense.<\/p>\n<p style=\"text-align: justify;\">Outro ponto enaltecido pelo engenheiro foi a presen\u00e7a e o apoio do Governo de Andradina na viabiliza\u00e7\u00e3o do Acqualinda. \u201cFico feliz em ver a prefeita e sua equipe dedicada em colaborar e atuando para o empreendimento ser uma realidade, pois j\u00e1 vi muitos projetos ficarem apenas no papel por n\u00e3o terem a participa\u00e7\u00e3o da administra\u00e7\u00e3o p\u00fablica\u201d, disse ele.<\/p>\n<p style=\"text-align: justify;\">Segundo o empres\u00e1rio M\u00e1rio Celso, a assist\u00eancia t\u00e9cnica aliada a grande experi\u00eancia em constru\u00e7\u00e3o de grandes parques, foram primordiais na escolha da empresa mexicana.<\/p>\n<p style=\"text-align: justify;\">\u201cN\u00e3o h\u00e1 uma empresa especializada com este porte no Brasil. \u00c9 normal na constru\u00e7\u00e3o de um parque aqu\u00e1tico a compra de tr\u00eas ou quatro equipamentos para o in\u00edcio das atividades. Por\u00e9m, a assist\u00eancia que encontramos na Aquakita, que se comprometeu em fazer do Acqualinda um dos mais belos parques do mundo, nos fez promover este grande investimento neste momento\u201d, comentou.<\/p>\n<p style=\"text-align: justify;\">Al\u00e9m da in\u00e9dita montanha-russa ainda se destacam entre as atra\u00e7\u00f5es o kamikaze, o vortex e o boomerang al\u00e9m do complexo das alas kids e infantil. Tudo far\u00e1 parte do cen\u00e1rio do Acqualinda junto com o volcano e o rio lento.<\/p>\n<p style=\"text-align: justify;\">Tamiko ressaltou a dimens\u00e3o do parque e valorizou o investimento feito pelo empres\u00e1rio andradinense.<\/p>\n<p style=\"text-align: justify;\">\u201cComo prefeita e andradinense fico feliz em fazer parte deste empreendimento que mudar\u00e1 o cen\u00e1rio econ\u00f4mico da nossa cidade. Estamos focados como poder p\u00fablico em atuar junto com a iniciativa privada para fazer uma Andradina cada vez melhor\u201d comentou a prefeita. Um dia antes, na quarta-feira, ela participou de uma reuni\u00e3o na Secretaria de Turismo do Estado para viabilizar o acesso ao parque pela rodovia Marechal Rondon (SP-300).<\/p>\n<p style=\"text-align: justify;\">Fonte: Folha da Regi\u00e3o<\/p>\n<p style=\"text-align: justify;\">\n","protected":false},"excerpt":{"rendered":"<p>Com a proposta de ser um dos grandes parques aqu\u00e1ticos das am\u00e9ricas o Acqualinda de Andradina ter\u00e1 entre as principais divers\u00f5es a maior montanha-russa aqu\u00e1tica do mundo. S\u00e3o 380 metros de comprimento. A compra dos equipamentos do parque foi efetivada nessa quinta-feira (14) pelo empres\u00e1rio M\u00e1rio Celso Lopes com a presen\u00e7a da prefeita Tamiko Inoue [&hellip;]<\/p>\n","protected":false},"author":1,"featured_media":11691,"comment_status":"closed","ping_status":"open","sticky":false,"template":"","format":"standard","meta":{"footnotes":""},"categories":[110,116],"tags":[],"class_list":["post-11690","post","type-post","status-publish","format-standard","has-post-thumbnail","hentry","category-noticiasdestaque","category-politicaeeconomia"],"_links":{"self":[{"href":"https:\/\/jorgezanoni.com.br\/2019\/wp-json\/wp\/v2\/posts\/11690","targetHints":{"allow":["GET"]}}],"collection":[{"href":"https:\/\/jorgezanoni.com.br\/2019\/wp-json\/wp\/v2\/posts"}],"about":[{"href":"https:\/\/jorgezanoni.com.br\/2019\/wp-json\/wp\/v2\/types\/post"}],"author":[{"embeddable":true,"href":"https:\/\/jorgezanoni.com.br\/2019\/wp-json\/wp\/v2\/users\/1"}],"replies":[{"embeddable":true,"href":"https:\/\/jorgezanoni.com.br\/2019\/wp-json\/wp\/v2\/comments?post=11690"}],"version-history":[{"count":0,"href":"https:\/\/jorgezanoni.com.br\/2019\/wp-json\/wp\/v2\/posts\/11690\/revisions"}],"wp:featuredmedia":[{"embeddable":true,"href":"https:\/\/jorgezanoni.com.br\/2019\/wp-json\/wp\/v2\/media\/11691"}],"wp:attachment":[{"href":"https:\/\/jorgezanoni.com.br\/2019\/wp-json\/wp\/v2\/media?parent=11690"}],"wp:term":[{"taxonomy":"category","embeddable":true,"href":"https:\/\/jorgezanoni.com.br\/2019\/wp-json\/wp\/v2\/categories?post=11690"},{"taxonomy":"post_tag","embeddable":true,"href":"https:\/\/jorgezanoni.com.br\/2019\/wp-json\/wp\/v2\/tags?post=11690"}],"curies":[{"name":"wp","href":"https:\/\/api.w.org\/{rel}","templated":true}]}}