{"id":11687,"date":"2019-11-19T14:38:45","date_gmt":"2019-11-19T14:38:45","guid":{"rendered":"https:\/\/jorgezanoni.com.br\/2019\/?p=11687"},"modified":"2019-11-19T14:38:45","modified_gmt":"2019-11-19T14:38:45","slug":"cadeirante-pede-ajuda-para-conseguir-comprar-uma-nova-cadeira-eletrica","status":"publish","type":"post","link":"https:\/\/jorgezanoni.com.br\/2019\/cadeirante-pede-ajuda-para-conseguir-comprar-uma-nova-cadeira-eletrica\/","title":{"rendered":"Cadeirante pede ajuda para conseguir comprar uma nova cadeira el\u00e9trica"},"content":{"rendered":"<p style=\"text-align: justify;\">Oi eu sei que n\u00e3o tenho direito de chegar at\u00e9 voc\u00ea e lhe pedir nada. Mas venho por meio da Rede Social- lhe pedir sua ajuda.<br \/>\nN\u00e3o quero dizer que reclamo da vida que tenho,sou muito feliz por ter sa\u00fade.<br \/>\nEstou passando por um momento dif\u00edcil como sabe sou cadeirante, uso uma cadeira de roda el\u00e9trica e preciso muito trocar, ou se algu\u00e9m puder doar uma cadeira el\u00e9trica pois elas s\u00e3o as minhas pernas para me levar em todos lugares que preciso ir.<br \/>\nEssa cadeira que uso, ganhei de doa\u00e7\u00e3o de um querido amigo meu, por n\u00e3o ter condi\u00e7\u00f5es de compra-l\u00e1.<br \/>\nPe\u00e7o que n\u00e3o pense mal de mim,mas preciso muito da sua ajuda n\u00e3o teria como pagar , mas serei grata pelo resto da minha vida.<br \/>\nMeu contato \u00e9 (18)99721-0041<br \/>\nSe puderem me ajudar essa \u00e9 minha conta. \u2b07<\/p>\n<p style=\"text-align: justify;\">\u2714Ag\u00eancia -0436-7<br \/>\n\u2714Conta-106.082-1<br \/>\n\u2714Banco Do Brasil<br \/>\n\u27a1Keler Cristiane Bizachi<\/p>\n","protected":false},"excerpt":{"rendered":"<p>Oi eu sei que n\u00e3o tenho direito de chegar at\u00e9 voc\u00ea e lhe pedir nada. Mas venho por meio da Rede Social- lhe pedir sua ajuda. N\u00e3o quero dizer que reclamo da vida que tenho,sou muito feliz por ter sa\u00fade. Estou passando por um momento dif\u00edcil como sabe sou cadeirante, uso uma cadeira de roda [&hellip;]<\/p>\n","protected":false},"author":1,"featured_media":11688,"comment_status":"closed","ping_status":"open","sticky":false,"template":"","format":"standard","meta":{"footnotes":""},"categories":[118],"tags":[],"class_list":["post-11687","post","type-post","status-publish","format-standard","has-post-thumbnail","hentry","category-religiaoesolidariedade"],"_links":{"self":[{"href":"https:\/\/jorgezanoni.com.br\/2019\/wp-json\/wp\/v2\/posts\/11687","targetHints":{"allow":["GET"]}}],"collection":[{"href":"https:\/\/jorgezanoni.com.br\/2019\/wp-json\/wp\/v2\/posts"}],"about":[{"href":"https:\/\/jorgezanoni.com.br\/2019\/wp-json\/wp\/v2\/types\/post"}],"author":[{"embeddable":true,"href":"https:\/\/jorgezanoni.com.br\/2019\/wp-json\/wp\/v2\/users\/1"}],"replies":[{"embeddable":true,"href":"https:\/\/jorgezanoni.com.br\/2019\/wp-json\/wp\/v2\/comments?post=11687"}],"version-history":[{"count":0,"href":"https:\/\/jorgezanoni.com.br\/2019\/wp-json\/wp\/v2\/posts\/11687\/revisions"}],"wp:featuredmedia":[{"embeddable":true,"href":"https:\/\/jorgezanoni.com.br\/2019\/wp-json\/wp\/v2\/media\/11688"}],"wp:attachment":[{"href":"https:\/\/jorgezanoni.com.br\/2019\/wp-json\/wp\/v2\/media?parent=11687"}],"wp:term":[{"taxonomy":"category","embeddable":true,"href":"https:\/\/jorgezanoni.com.br\/2019\/wp-json\/wp\/v2\/categories?post=11687"},{"taxonomy":"post_tag","embeddable":true,"href":"https:\/\/jorgezanoni.com.br\/2019\/wp-json\/wp\/v2\/tags?post=11687"}],"curies":[{"name":"wp","href":"https:\/\/api.w.org\/{rel}","templated":true}]}}