{"id":11663,"date":"2019-11-19T01:23:07","date_gmt":"2019-11-19T01:23:07","guid":{"rendered":"https:\/\/jorgezanoni.com.br\/2019\/?p=11663"},"modified":"2019-11-19T01:23:07","modified_gmt":"2019-11-19T01:23:07","slug":"seminario-de-direitos-humanos-esta-ocorrendo-em-sao-paulo-com-participacao-de-pms-do-25o-bpm-i","status":"publish","type":"post","link":"https:\/\/jorgezanoni.com.br\/2019\/seminario-de-direitos-humanos-esta-ocorrendo-em-sao-paulo-com-participacao-de-pms-do-25o-bpm-i\/","title":{"rendered":"Semin\u00e1rio de Direitos Humanos est\u00e1 ocorrendo em S\u00e3o Paulo com participa\u00e7\u00e3o de PMs do 25\u00ba BPM\/I"},"content":{"rendered":"<p style=\"text-align: justify;\">Come\u00e7ou na manh\u00e3 de hoje, o Semin\u00e1rio de Direitos Humanos. A solenidade est\u00e1 ocorrendo com a participa\u00e7\u00e3o de Policiais Militares do 25\u00ba BPM\/I, na Faculdade Uninove na capital Paulista.<\/p>\n<p style=\"text-align: justify;\">O Semin\u00e1rio que ocorre em S\u00e3o Paulo comemora os 50 anos da Conven\u00e7\u00e3o Americana sobre Direitos Humanos.<\/p>\n<p><img loading=\"lazy\" decoding=\"async\" class=\"alignnone size-full wp-image-11665\" src=\"https:\/\/jorgezanoni.com.br\/2019\/wp-content\/uploads\/2019\/11\/semana1.jpg\" alt=\"\" width=\"1280\" height=\"720\" srcset=\"https:\/\/jorgezanoni.com.br\/2019\/wp-content\/uploads\/2019\/11\/semana1.jpg 1280w, https:\/\/jorgezanoni.com.br\/2019\/wp-content\/uploads\/2019\/11\/semana1-300x169.jpg 300w, https:\/\/jorgezanoni.com.br\/2019\/wp-content\/uploads\/2019\/11\/semana1-768x432.jpg 768w, https:\/\/jorgezanoni.com.br\/2019\/wp-content\/uploads\/2019\/11\/semana1-1024x576.jpg 1024w, https:\/\/jorgezanoni.com.br\/2019\/wp-content\/uploads\/2019\/11\/semana1-696x392.jpg 696w, https:\/\/jorgezanoni.com.br\/2019\/wp-content\/uploads\/2019\/11\/semana1-1068x601.jpg 1068w, https:\/\/jorgezanoni.com.br\/2019\/wp-content\/uploads\/2019\/11\/semana1-747x420.jpg 747w\" sizes=\"auto, (max-width: 1280px) 100vw, 1280px\" \/><\/p>\n<p style=\"text-align: justify;\">Fonte: Com. Social 25\u00ba BPM\/I<\/p>\n","protected":false},"excerpt":{"rendered":"<p>Come\u00e7ou na manh\u00e3 de hoje, o Semin\u00e1rio de Direitos Humanos. A solenidade est\u00e1 ocorrendo com a participa\u00e7\u00e3o de Policiais Militares do 25\u00ba BPM\/I, na Faculdade Uninove na capital Paulista. O Semin\u00e1rio que ocorre em S\u00e3o Paulo comemora os 50 anos da Conven\u00e7\u00e3o Americana sobre Direitos Humanos. Fonte: Com. Social 25\u00ba BPM\/I<\/p>\n","protected":false},"author":1,"featured_media":11664,"comment_status":"closed","ping_status":"open","sticky":false,"template":"","format":"standard","meta":{"footnotes":""},"categories":[2],"tags":[],"class_list":["post-11663","post","type-post","status-publish","format-standard","has-post-thumbnail","hentry","category-policial"],"_links":{"self":[{"href":"https:\/\/jorgezanoni.com.br\/2019\/wp-json\/wp\/v2\/posts\/11663","targetHints":{"allow":["GET"]}}],"collection":[{"href":"https:\/\/jorgezanoni.com.br\/2019\/wp-json\/wp\/v2\/posts"}],"about":[{"href":"https:\/\/jorgezanoni.com.br\/2019\/wp-json\/wp\/v2\/types\/post"}],"author":[{"embeddable":true,"href":"https:\/\/jorgezanoni.com.br\/2019\/wp-json\/wp\/v2\/users\/1"}],"replies":[{"embeddable":true,"href":"https:\/\/jorgezanoni.com.br\/2019\/wp-json\/wp\/v2\/comments?post=11663"}],"version-history":[{"count":0,"href":"https:\/\/jorgezanoni.com.br\/2019\/wp-json\/wp\/v2\/posts\/11663\/revisions"}],"wp:featuredmedia":[{"embeddable":true,"href":"https:\/\/jorgezanoni.com.br\/2019\/wp-json\/wp\/v2\/media\/11664"}],"wp:attachment":[{"href":"https:\/\/jorgezanoni.com.br\/2019\/wp-json\/wp\/v2\/media?parent=11663"}],"wp:term":[{"taxonomy":"category","embeddable":true,"href":"https:\/\/jorgezanoni.com.br\/2019\/wp-json\/wp\/v2\/categories?post=11663"},{"taxonomy":"post_tag","embeddable":true,"href":"https:\/\/jorgezanoni.com.br\/2019\/wp-json\/wp\/v2\/tags?post=11663"}],"curies":[{"name":"wp","href":"https:\/\/api.w.org\/{rel}","templated":true}]}}