{"id":11642,"date":"2019-11-18T23:43:08","date_gmt":"2019-11-18T23:43:08","guid":{"rendered":"https:\/\/jorgezanoni.com.br\/2019\/?p=11642"},"modified":"2019-11-18T23:43:09","modified_gmt":"2019-11-18T23:43:09","slug":"alunos-do-curso-tecnico-em-radiologia-do-cep-ume-assistem-a-palestra-sobre-a-profissao","status":"publish","type":"post","link":"https:\/\/jorgezanoni.com.br\/2019\/alunos-do-curso-tecnico-em-radiologia-do-cep-ume-assistem-a-palestra-sobre-a-profissao\/","title":{"rendered":"Alunos do curso T\u00e9cnico em Radiologia do CEP\/UME assistem \u00e0 palestra sobre a profiss\u00e3o"},"content":{"rendered":"<p style=\"font-weight: 400; text-align: justify;\">Cada vez mais a Radiologia tem se tornado essencial na pr\u00e1tica m\u00e9dica. Em muitos casos, a precis\u00e3o no diagn\u00f3stico s\u00f3 \u00e9 poss\u00edvel gra\u00e7as ao exame de imagem que, por sua vez, revela a qualidade do trabalho do radiologista ou t\u00e9cnico em Radiologia.<\/p>\n<p><img loading=\"lazy\" decoding=\"async\" class=\"alignnone size-full wp-image-11643\" src=\"https:\/\/jorgezanoni.com.br\/2019\/wp-content\/uploads\/2019\/11\/radio1.jpg\" alt=\"\" width=\"240\" height=\"135\" \/><\/p>\n<p style=\"font-weight: 400; text-align: justify;\">No dia 11 de novembro, em comemora\u00e7\u00e3o ao Dia do Radiologista, os alunos do CEP\/UME assistiram a uma palestra sobre a profiss\u00e3o com a m\u00e9dica Luci Carla Cuchereave e a t\u00e9cnica em radiologia Giovana Polon. Os alunos do curso T\u00e9cnico em Radiologia participaram de um bate-papo sobre a import\u00e2ncia de seus trabalhos na realiza\u00e7\u00e3o dos exames de imagens e contaram com esclarecimentos sobre alguns mitos sobre a mamografia.<\/p>\n<p style=\"font-weight: 400; text-align: justify;\">Carolina Colnago<\/p>\n<p style=\"font-weight: 400; text-align: justify;\">Assessora de Comunica\u00e7\u00e3o da Fundec &#8211; Jornalista<\/p>\n","protected":false},"excerpt":{"rendered":"<p>Cada vez mais a Radiologia tem se tornado essencial na pr\u00e1tica m\u00e9dica. Em muitos casos, a precis\u00e3o no diagn\u00f3stico s\u00f3 \u00e9 poss\u00edvel gra\u00e7as ao exame de imagem que, por sua vez, revela a qualidade do trabalho do radiologista ou t\u00e9cnico em Radiologia. No dia 11 de novembro, em comemora\u00e7\u00e3o ao Dia do Radiologista, os alunos [&hellip;]<\/p>\n","protected":false},"author":1,"featured_media":11644,"comment_status":"closed","ping_status":"open","sticky":false,"template":"","format":"standard","meta":{"footnotes":""},"categories":[122],"tags":[],"class_list":["post-11642","post","type-post","status-publish","format-standard","has-post-thumbnail","hentry","category-saudeeducacaoeconcurso"],"_links":{"self":[{"href":"https:\/\/jorgezanoni.com.br\/2019\/wp-json\/wp\/v2\/posts\/11642","targetHints":{"allow":["GET"]}}],"collection":[{"href":"https:\/\/jorgezanoni.com.br\/2019\/wp-json\/wp\/v2\/posts"}],"about":[{"href":"https:\/\/jorgezanoni.com.br\/2019\/wp-json\/wp\/v2\/types\/post"}],"author":[{"embeddable":true,"href":"https:\/\/jorgezanoni.com.br\/2019\/wp-json\/wp\/v2\/users\/1"}],"replies":[{"embeddable":true,"href":"https:\/\/jorgezanoni.com.br\/2019\/wp-json\/wp\/v2\/comments?post=11642"}],"version-history":[{"count":0,"href":"https:\/\/jorgezanoni.com.br\/2019\/wp-json\/wp\/v2\/posts\/11642\/revisions"}],"wp:featuredmedia":[{"embeddable":true,"href":"https:\/\/jorgezanoni.com.br\/2019\/wp-json\/wp\/v2\/media\/11644"}],"wp:attachment":[{"href":"https:\/\/jorgezanoni.com.br\/2019\/wp-json\/wp\/v2\/media?parent=11642"}],"wp:term":[{"taxonomy":"category","embeddable":true,"href":"https:\/\/jorgezanoni.com.br\/2019\/wp-json\/wp\/v2\/categories?post=11642"},{"taxonomy":"post_tag","embeddable":true,"href":"https:\/\/jorgezanoni.com.br\/2019\/wp-json\/wp\/v2\/tags?post=11642"}],"curies":[{"name":"wp","href":"https:\/\/api.w.org\/{rel}","templated":true}]}}