{"id":11636,"date":"2019-11-18T23:00:28","date_gmt":"2019-11-18T23:00:28","guid":{"rendered":"https:\/\/jorgezanoni.com.br\/2019\/?p=11636"},"modified":"2019-11-18T23:00:28","modified_gmt":"2019-11-18T23:00:28","slug":"camara-de-dracena-concede-titulo-de-cidadao-honorario-a-desembargador-jose-carlos-ferreira-alves","status":"publish","type":"post","link":"https:\/\/jorgezanoni.com.br\/2019\/camara-de-dracena-concede-titulo-de-cidadao-honorario-a-desembargador-jose-carlos-ferreira-alves\/","title":{"rendered":"C\u00e2mara de Dracena concede T\u00edtulo de Cidad\u00e3o Honor\u00e1rio a Desembargador Jos\u00e9 Carlos Ferreira Alves"},"content":{"rendered":"<p style=\"text-align: justify;\"><strong>Homenageado \u00e9 diretor dos Centros Judici\u00e1rios de Solu\u00e7\u00e3o de Conflitos e Cidadania (Cejusc) do Estado de S\u00e3o Paulo.<\/strong><\/p>\n<p style=\"text-align: justify;\">Ser\u00e1 realizada na pr\u00f3xima quarta-feira (20), na C\u00e2mara de Dracena, sess\u00e3o solene para entrega de T\u00edtulo de Cidad\u00e3o Honor\u00e1rio de Dracena ao desembargador do Tribunal de Justi\u00e7a do Estado de S\u00e3o Paulo Jos\u00e9 Carlos Ferreira Alves. A homenagem \u00e9 de autoria de todos os vereadores, proposta atrav\u00e9s do projeto de decreto legislativo n.\u00ba 6\/19.<\/p>\n<p style=\"text-align: justify;\">O desembargador \u00e9 diretor dos Centros Judici\u00e1rios de Solu\u00e7\u00e3o de Conflitos e Cidadania (Cejusc) no estado de S\u00e3o Paulo, coordenador do N\u00facleo Permanente de M\u00e9todos Consensuais de Solu\u00e7\u00e3o de Conflitos (Nupemec) e estar\u00e1 presente no munic\u00edpio para inaugura\u00e7\u00e3o do posto do N\u00facleo de Media\u00e7\u00e3o Comunit\u00e1ria (Numec) a ser realizada no mesmo dia.<\/p>\n<p style=\"text-align: justify;\">Em janeiro deste ano, ele esteve em Dracena para conhecer pessoalmente o projeto &#8220;DNA Conciliado \u00e9 Legal&#8221;, vencedor da 9\u00aa edi\u00e7\u00e3o do Pr\u00eamio Conciliar \u00e9 Legal, organizado pelo Conselho Nacional de Justi\u00e7a. Na ocasi\u00e3o, afirmou que a ideia era a de estender o projeto pelo Estado de S\u00e3o Paulo.<\/p>\n<p style=\"text-align: justify;\">No PDL n. 6\/19, os vereadores apontam que gra\u00e7as \u00e0 aten\u00e7\u00e3o especial dada pelo homenageado \u00e0 implanta\u00e7\u00e3o desse projeto, o nome de Dracena est\u00e1 sendo levado ao conhecimento de todo Estado e servindo de &#8220;exemplo em todos os lugares em que o desembargador se faz presente.&#8221;<\/p>\n<p style=\"text-align: justify;\">A sess\u00e3o solene ser\u00e1 realizada na quarta-feira (20) a partir das 19h na C\u00e2mara Municipal de Dracena.<\/p>\n<p style=\"text-align: justify;\"><strong>O homenageado<\/strong><strong>\u00a0<\/strong><\/p>\n<p style=\"text-align: justify;\">Jos\u00e9 Carlos Ferreira Alves nasceu em 14 de setembro de 1953 e \u00e9 desembargador do Tribunal de Justi\u00e7a do Estado de S\u00e3o Paulo. Ministrou diversas palestras sobre &#8220;Direito de Fam\u00edlia&#8221;, &#8220;Direito Desportivo&#8221;, &#8220;Concilia\u00e7\u00e3o e Media\u00e7\u00e3o&#8221; e &#8220;\u00c9tica e Moral&#8221; na Ordem dos Advogados do Brasil (OAB) e em diversas faculdades de Direito e Universidades pelo pa\u00eds.<\/p>\n<p style=\"text-align: justify;\">Tamb\u00e9m \u00e9 presidente da 2\u00aa C\u00e2mara de Direito Privado do Tribunal de Justi\u00e7a de S\u00e3o Paulo, membro do Conselho Supervisor de Juizados Especiais, Coordenador do N\u00facleo de M\u00e9todos Consensuais de Solu\u00e7\u00e3o de Conflitos, presidente da Comiss\u00e3o criada pelo TJSP para tratar de assuntos relativos a grandes eventos, irm\u00e3o mes\u00e1rio da Santa Casa de Miseric\u00f3rdia do Estado de S\u00e3o Paulo e vice-presidente da diretoria do S\u00e3o Paulo Futebol Clube.<\/p>\n<div>\n<div style=\"text-align: justify;\">Fonte: Assessoria de Imprensa C\u00e2mara<\/div>\n<\/div>\n","protected":false},"excerpt":{"rendered":"<p>Homenageado \u00e9 diretor dos Centros Judici\u00e1rios de Solu\u00e7\u00e3o de Conflitos e Cidadania (Cejusc) do Estado de S\u00e3o Paulo. Ser\u00e1 realizada na pr\u00f3xima quarta-feira (20), na C\u00e2mara de Dracena, sess\u00e3o solene para entrega de T\u00edtulo de Cidad\u00e3o Honor\u00e1rio de Dracena ao desembargador do Tribunal de Justi\u00e7a do Estado de S\u00e3o Paulo Jos\u00e9 Carlos Ferreira Alves. A [&hellip;]<\/p>\n","protected":false},"author":1,"featured_media":11637,"comment_status":"closed","ping_status":"open","sticky":false,"template":"","format":"standard","meta":{"footnotes":""},"categories":[114],"tags":[],"class_list":["post-11636","post","type-post","status-publish","format-standard","has-post-thumbnail","hentry","category-geralecomercio"],"_links":{"self":[{"href":"https:\/\/jorgezanoni.com.br\/2019\/wp-json\/wp\/v2\/posts\/11636","targetHints":{"allow":["GET"]}}],"collection":[{"href":"https:\/\/jorgezanoni.com.br\/2019\/wp-json\/wp\/v2\/posts"}],"about":[{"href":"https:\/\/jorgezanoni.com.br\/2019\/wp-json\/wp\/v2\/types\/post"}],"author":[{"embeddable":true,"href":"https:\/\/jorgezanoni.com.br\/2019\/wp-json\/wp\/v2\/users\/1"}],"replies":[{"embeddable":true,"href":"https:\/\/jorgezanoni.com.br\/2019\/wp-json\/wp\/v2\/comments?post=11636"}],"version-history":[{"count":0,"href":"https:\/\/jorgezanoni.com.br\/2019\/wp-json\/wp\/v2\/posts\/11636\/revisions"}],"wp:featuredmedia":[{"embeddable":true,"href":"https:\/\/jorgezanoni.com.br\/2019\/wp-json\/wp\/v2\/media\/11637"}],"wp:attachment":[{"href":"https:\/\/jorgezanoni.com.br\/2019\/wp-json\/wp\/v2\/media?parent=11636"}],"wp:term":[{"taxonomy":"category","embeddable":true,"href":"https:\/\/jorgezanoni.com.br\/2019\/wp-json\/wp\/v2\/categories?post=11636"},{"taxonomy":"post_tag","embeddable":true,"href":"https:\/\/jorgezanoni.com.br\/2019\/wp-json\/wp\/v2\/tags?post=11636"}],"curies":[{"name":"wp","href":"https:\/\/api.w.org\/{rel}","templated":true}]}}