{"id":1162,"date":"2019-07-20T01:55:33","date_gmt":"2019-07-20T01:55:33","guid":{"rendered":"http:\/\/jorgezanoni.com.br\/2019\/?p=1162"},"modified":"2019-07-20T01:55:50","modified_gmt":"2019-07-20T01:55:50","slug":"brasileiros-serao-entrevistados-sobre-a-situacao-de-saude","status":"publish","type":"post","link":"https:\/\/jorgezanoni.com.br\/2019\/brasileiros-serao-entrevistados-sobre-a-situacao-de-saude\/","title":{"rendered":"Brasileiros ser\u00e3o entrevistados sobre a situa\u00e7\u00e3o de sa\u00fade"},"content":{"rendered":"<p><strong><em>De agosto a dezembro, Minist\u00e9rio da Sa\u00fade realiza a segunda edi\u00e7\u00e3o da Pesquisa Nacional de Sa\u00fade. Os entrevistadores do IBGE v\u00e3o visitar mais de 108 mil resid\u00eancias em todo o pa\u00eds.<\/em><\/strong><\/p>\n<p>Conhecer a realidade da sa\u00fade de um pa\u00eds \u00e9 o primeiro passo para entender as necessidades de sua popula\u00e7\u00e3o e, dessa forma, possibilitar a elabora\u00e7\u00e3o de a\u00e7\u00f5es e programas em prol de mais sa\u00fade e qualidade de vida. Assim, para subsidiar o Minist\u00e9rio da Sa\u00fade com informa\u00e7\u00f5es que possibilitem a formula\u00e7\u00e3o e\/ou o aperfei\u00e7oamento de pol\u00edticas p\u00fablicas eficientes, mais de 108 mil brasileiros receber\u00e3o, a partir de agosto deste ano, a visita de pesquisadores do Instituto Brasileiro de Geografia e Estat\u00edstica (IBGE), que ter\u00e3o a miss\u00e3o de levantar dados sobre as condi\u00e7\u00f5es de vida e de sa\u00fade da popula\u00e7\u00e3o.<\/p>\n<p>Realizada a cada cinco anos pelo Minist\u00e9rio da Sa\u00fade em parceria com o IBGE, a Pesquisa Nacional de Sa\u00fade (PNS) contar\u00e1 com cerca de 1,2 mil entrevistadores, que v\u00e3o visitar mais de 108 mil resid\u00eancias em 3,2 mil munic\u00edpios brasileiros de todos os estados e regi\u00f5es do pa\u00eds, de \u00e1reas urbanas e rurais, de capitais, regi\u00f5es metropolitanas e demais munic\u00edpios. Eles estar\u00e3o uniformizados com colete e crach\u00e1 de identifica\u00e7\u00e3o do IBGE.<\/p>\n<p>Pela relev\u00e2ncia da pesquisa para o pa\u00eds, o Minist\u00e9rio da Sa\u00fade solicita que as pessoas atendam e colaborem com os entrevistadores, desde que eles estejam devidamente identificados. \u201cA participa\u00e7\u00e3o dos residentes selecionados \u00e9 fundamental para que os resultados retratem a realidade da sa\u00fade brasileira\u201d, afirma o secret\u00e1rio da Vigil\u00e2ncia em Sa\u00fade, Wanderson Oliveira. Ele explica ainda que, neste ano, a PNS vai refletir aspectos elencados na Pol\u00edtica Nacional de Vigil\u00e2ncia em Sa\u00fade e que a sociedade estabeleceu a diretriz de a\u00e7\u00f5es integradas de aten\u00e7\u00e3o e vigil\u00e2ncia. \u201cDeste modo, as quest\u00f5es buscam refletir essas diretrizes\u201c, finaliza.<\/p>\n<p>Os dados da PNS ser\u00e3o utilizados, por exemplo, para elaborar e\/ou aperfei\u00e7oar a\u00e7\u00f5es e pol\u00edticas na \u00e1rea de Aten\u00e7\u00e3o \u00e0 Sa\u00fade, como o Programa Nacional de Controle do Tabagismo, a Estrat\u00e9gia de Sa\u00fade da Fam\u00edlia e o programa Farm\u00e1cia Popular do Brasil. A pesquisa ser\u00e1 feita por amostragem com os moradores das resid\u00eancias sorteadas.<\/p>\n<p>Aos entrevistados, ser\u00e3o feitas perguntas sobre as caracter\u00edsticas do domic\u00edlio, quest\u00f5es sobre educa\u00e7\u00e3o e rendimento, al\u00e9m da situa\u00e7\u00e3o de sa\u00fade\u00a0dos residentes, como estilos de vida, doen\u00e7as cr\u00f4nicas n\u00e3o transmiss\u00edveis, sa\u00fade da mulher, do homem, da crian\u00e7a, do idoso, da pessoa com defici\u00eancia, entre outros.<\/p>\n<p>A primeira edi\u00e7\u00e3o da PNS aconteceu em 2013. Para esta segunda edi\u00e7\u00e3o, os entrevistadores v\u00e3o coletar os dados entre agosto e dezembro deste ano.<\/p>\n<p><strong>ETAPAS DA ENTREVISTA<br \/>\n<\/strong>Na entrevista, os pesquisadores do IBGE v\u00e3o utilizar um\u00a0<em>smartphone,<\/em>\u00a0dispositivo m\u00f3vel no qual os dados informados pelos moradores ser\u00e3o inseridos. Para realizar as perguntas, eles dever\u00e3o seguir uma conduta de abordagem definida pelo Minist\u00e9rio da Sa\u00fade e pelo IBGE, como polidez no tratamento com os entrevistados, seguir o roteiro do question\u00e1rio e deixar mensagem caso os moradores n\u00e3o sejam encontrados.<\/p>\n<p>Definida nas tr\u00eas etapas a seguir, a entrevista levar\u00e1, em m\u00e9dia, 30 minutos para ser conclu\u00edda (mas pode variar de acordo com o perfil do entrevistado):<\/p>\n<ul>\n<li>Sobre o domic\u00edlio: um morador informar\u00e1 sobre as caracter\u00edsticas do domic\u00edlio (como bens e presen\u00e7a de animais dom\u00e9sticos) e seu entorno (rede de esgoto, coleta de lixo, etc).<\/li>\n<li>Sobre os moradores: um morador responder\u00e1 pelos demais sobre educa\u00e7\u00e3o e rendimentos, sa\u00fade da crian\u00e7a, do idoso, da pessoa com defici\u00eancia, uso de servi\u00e7os de sa\u00fade, entre outros.<\/li>\n<li>Sobre o morador selecionado:\u00a0 um morador com 15 anos ou mais de idade ser\u00e1 sorteado dentre os demais residentes. Ele vai responder sobre estilos de vida (pr\u00e1tica de atividade f\u00edsica, consumo alimentar, h\u00e1bito de fumar, consumo de \u00e1lcool), doen\u00e7as cr\u00f4nicas n\u00e3o transmiss\u00edveis, sa\u00fade da mulher ou homem, doen\u00e7as transmiss\u00edveis, acidentes e viol\u00eancias, etc. Al\u00e9m disso, haver\u00e1 coletas de medidas f\u00edsicas (peso e altura) em uma sub amostra (aproximadamente 8 mil indiv\u00edduos) do morador selecionado.<\/li>\n<\/ul>\n<p>Fonte: http:\/\/www.saude.gov.br\/<\/p>\n<p>&nbsp;<\/p>\n<p>&nbsp;<\/p>\n","protected":false},"excerpt":{"rendered":"<p>De agosto a dezembro, Minist\u00e9rio da Sa\u00fade realiza a segunda edi\u00e7\u00e3o da Pesquisa Nacional de Sa\u00fade. Os entrevistadores do IBGE v\u00e3o visitar mais de 108 mil resid\u00eancias em todo o pa\u00eds. Conhecer a realidade da sa\u00fade de um pa\u00eds \u00e9 o primeiro passo para entender as necessidades de sua popula\u00e7\u00e3o e, dessa forma, possibilitar a [&hellip;]<\/p>\n","protected":false},"author":1,"featured_media":1163,"comment_status":"open","ping_status":"open","sticky":false,"template":"","format":"standard","meta":{"footnotes":""},"categories":[122],"tags":[],"class_list":["post-1162","post","type-post","status-publish","format-standard","has-post-thumbnail","hentry","category-saudeeducacaoeconcurso"],"_links":{"self":[{"href":"https:\/\/jorgezanoni.com.br\/2019\/wp-json\/wp\/v2\/posts\/1162","targetHints":{"allow":["GET"]}}],"collection":[{"href":"https:\/\/jorgezanoni.com.br\/2019\/wp-json\/wp\/v2\/posts"}],"about":[{"href":"https:\/\/jorgezanoni.com.br\/2019\/wp-json\/wp\/v2\/types\/post"}],"author":[{"embeddable":true,"href":"https:\/\/jorgezanoni.com.br\/2019\/wp-json\/wp\/v2\/users\/1"}],"replies":[{"embeddable":true,"href":"https:\/\/jorgezanoni.com.br\/2019\/wp-json\/wp\/v2\/comments?post=1162"}],"version-history":[{"count":0,"href":"https:\/\/jorgezanoni.com.br\/2019\/wp-json\/wp\/v2\/posts\/1162\/revisions"}],"wp:featuredmedia":[{"embeddable":true,"href":"https:\/\/jorgezanoni.com.br\/2019\/wp-json\/wp\/v2\/media\/1163"}],"wp:attachment":[{"href":"https:\/\/jorgezanoni.com.br\/2019\/wp-json\/wp\/v2\/media?parent=1162"}],"wp:term":[{"taxonomy":"category","embeddable":true,"href":"https:\/\/jorgezanoni.com.br\/2019\/wp-json\/wp\/v2\/categories?post=1162"},{"taxonomy":"post_tag","embeddable":true,"href":"https:\/\/jorgezanoni.com.br\/2019\/wp-json\/wp\/v2\/tags?post=1162"}],"curies":[{"name":"wp","href":"https:\/\/api.w.org\/{rel}","templated":true}]}}