{"id":11601,"date":"2019-11-18T16:04:28","date_gmt":"2019-11-18T16:04:28","guid":{"rendered":"https:\/\/jorgezanoni.com.br\/2019\/?p=11601"},"modified":"2019-11-18T16:04:28","modified_gmt":"2019-11-18T16:04:28","slug":"tres-pessoas-moradores-de-pres-prudente-morreram-em-um-acidente-na-tarde-deste-sabado-16-na-br-267-em-nova-alvorada-do-sul","status":"publish","type":"post","link":"https:\/\/jorgezanoni.com.br\/2019\/tres-pessoas-moradores-de-pres-prudente-morreram-em-um-acidente-na-tarde-deste-sabado-16-na-br-267-em-nova-alvorada-do-sul\/","title":{"rendered":"Tr\u00eas pessoas moradores de Pres. Prudente morreram em um acidente na tarde deste s\u00e1bado (16) na BR-267, em Nova Alvorada do Sul."},"content":{"rendered":"<div class=\"row medium-uncollapsed content-media content-photo\" data-block-type=\"backstage-photo\" data-block-id=\"2\">\n<div class=\"mc-column content-media__container\">\n<p class=\"content-media__description \"><strong>As v\u00edtimas s\u00e3o da mesma fam\u00edlia, dois irm\u00e3os, um adolescente de 13 e mulher de 19 anos, que estava gr\u00e1vida de 7 meses.<\/strong><\/p>\n<\/div>\n<\/div>\n<div class=\"mc-column content-text active-extra-styles \" data-block-type=\"unstyled\" data-block-weight=\"52\" data-block-id=\"3\">\n<p class=\"content-text__container \" style=\"text-align: justify;\" data-track-category=\"Link no Texto\" data-track-links=\"\">De acordo com o Corpo de Bombeiros, as v\u00edtimas s\u00e3o da mesma fam\u00edlia, dois irm\u00e3os, um adolescente de 13 e mulher de 19 anos, que estava gr\u00e1vida de 7 meses. O carro em que eles estavam colidiu de frente com uma carreta, que tombou e bloqueou a pista ap\u00f3s o acidente.<\/p>\n<\/div>\n<div class=\"mc-column content-text active-extra-styles \" data-block-type=\"unstyled\" data-block-weight=\"48\" data-block-id=\"4\">\n<p class=\"content-text__container \" style=\"text-align: justify;\" data-track-category=\"Link no Texto\" data-track-links=\"\">A m\u00e3e das v\u00edtimas que tamb\u00e9m estava no ve\u00edculo ficou ferida e foi levada para o hospital da cidade. Segundo a institui\u00e7\u00e3o o estado de sa\u00fade dela \u00e9 est\u00e1vel. O motorista do caminh\u00e3o teve apenas ferimentos leves. A pol\u00edcia vai investigar qual foi a causa do acidente.<\/p>\n<p data-track-category=\"Link no Texto\" data-track-links=\"\">Fonte: G1<\/p>\n<p style=\"text-align: justify;\" data-track-category=\"Link no Texto\" data-track-links=\"\">\n<\/div>\n","protected":false},"excerpt":{"rendered":"<p>As v\u00edtimas s\u00e3o da mesma fam\u00edlia, dois irm\u00e3os, um adolescente de 13 e mulher de 19 anos, que estava gr\u00e1vida de 7 meses. De acordo com o Corpo de Bombeiros, as v\u00edtimas s\u00e3o da mesma fam\u00edlia, dois irm\u00e3os, um adolescente de 13 e mulher de 19 anos, que estava gr\u00e1vida de 7 meses. O carro [&hellip;]<\/p>\n","protected":false},"author":1,"featured_media":11602,"comment_status":"closed","ping_status":"open","sticky":false,"template":"","format":"standard","meta":{"footnotes":""},"categories":[170,110],"tags":[],"class_list":["post-11601","post","type-post","status-publish","format-standard","has-post-thumbnail","hentry","category-acidentes","category-noticiasdestaque"],"_links":{"self":[{"href":"https:\/\/jorgezanoni.com.br\/2019\/wp-json\/wp\/v2\/posts\/11601","targetHints":{"allow":["GET"]}}],"collection":[{"href":"https:\/\/jorgezanoni.com.br\/2019\/wp-json\/wp\/v2\/posts"}],"about":[{"href":"https:\/\/jorgezanoni.com.br\/2019\/wp-json\/wp\/v2\/types\/post"}],"author":[{"embeddable":true,"href":"https:\/\/jorgezanoni.com.br\/2019\/wp-json\/wp\/v2\/users\/1"}],"replies":[{"embeddable":true,"href":"https:\/\/jorgezanoni.com.br\/2019\/wp-json\/wp\/v2\/comments?post=11601"}],"version-history":[{"count":0,"href":"https:\/\/jorgezanoni.com.br\/2019\/wp-json\/wp\/v2\/posts\/11601\/revisions"}],"wp:featuredmedia":[{"embeddable":true,"href":"https:\/\/jorgezanoni.com.br\/2019\/wp-json\/wp\/v2\/media\/11602"}],"wp:attachment":[{"href":"https:\/\/jorgezanoni.com.br\/2019\/wp-json\/wp\/v2\/media?parent=11601"}],"wp:term":[{"taxonomy":"category","embeddable":true,"href":"https:\/\/jorgezanoni.com.br\/2019\/wp-json\/wp\/v2\/categories?post=11601"},{"taxonomy":"post_tag","embeddable":true,"href":"https:\/\/jorgezanoni.com.br\/2019\/wp-json\/wp\/v2\/tags?post=11601"}],"curies":[{"name":"wp","href":"https:\/\/api.w.org\/{rel}","templated":true}]}}