{"id":11598,"date":"2019-11-18T15:39:02","date_gmt":"2019-11-18T15:39:02","guid":{"rendered":"https:\/\/jorgezanoni.com.br\/2019\/?p=11598"},"modified":"2019-11-18T15:39:02","modified_gmt":"2019-11-18T15:39:02","slug":"vaca-e-flagrada-sendo-transportada-dentro-de-carro-em-rodovia","status":"publish","type":"post","link":"https:\/\/jorgezanoni.com.br\/2019\/vaca-e-flagrada-sendo-transportada-dentro-de-carro-em-rodovia\/","title":{"rendered":"Vaca \u00e9 flagrada sendo transportada dentro de carro em rodovia"},"content":{"rendered":"<p style=\"text-align: justify;\">Uma vaca foi flagrada sendo levada dentro de um carro no in\u00edcio da noite deste s\u00e1bado (16), na PR-340, entre Tibagi e Castro, nos Campos Gerais do Paran\u00e1. O registro foi feito pela m\u00e9dica veterin\u00e1ria Glauciane Cruz, que passava pela rodovia.<\/p>\n<p style=\"text-align: justify;\">A veterin\u00e1ria disse que ela e o namorado estavam indo de Tibagi para Carambe\u00ed, tamb\u00e9m nos Campos Gerais, quando viram a cena na rodovia.<\/p>\n<div class=\"text_exposed_show\">\n<p style=\"text-align: justify;\">&#8220;O GPS mandou a gente ir pela PR-340 e est\u00e1vamos atr\u00e1s do carro. Fazia uns 15 minutos, tudo normal. A\u00ed do nada a vaca levanta atr\u00e1s&#8221;, contou.<\/p>\n<p style=\"text-align: justify;\">Glauciane disse que ela e o namorado n\u00e3o acreditaram na cena. Eles resolveram ent\u00e3o fazer uma fotografia, que foi postada em uma rede social.<\/p>\n<p style=\"text-align: justify;\">Fonte: G1<\/p>\n<\/div>\n","protected":false},"excerpt":{"rendered":"<p>Uma vaca foi flagrada sendo levada dentro de um carro no in\u00edcio da noite deste s\u00e1bado (16), na PR-340, entre Tibagi e Castro, nos Campos Gerais do Paran\u00e1. O registro foi feito pela m\u00e9dica veterin\u00e1ria Glauciane Cruz, que passava pela rodovia. A veterin\u00e1ria disse que ela e o namorado estavam indo de Tibagi para Carambe\u00ed, [&hellip;]<\/p>\n","protected":false},"author":1,"featured_media":11599,"comment_status":"closed","ping_status":"open","sticky":false,"template":"","format":"standard","meta":{"footnotes":""},"categories":[110,2],"tags":[],"class_list":["post-11598","post","type-post","status-publish","format-standard","has-post-thumbnail","hentry","category-noticiasdestaque","category-policial"],"_links":{"self":[{"href":"https:\/\/jorgezanoni.com.br\/2019\/wp-json\/wp\/v2\/posts\/11598","targetHints":{"allow":["GET"]}}],"collection":[{"href":"https:\/\/jorgezanoni.com.br\/2019\/wp-json\/wp\/v2\/posts"}],"about":[{"href":"https:\/\/jorgezanoni.com.br\/2019\/wp-json\/wp\/v2\/types\/post"}],"author":[{"embeddable":true,"href":"https:\/\/jorgezanoni.com.br\/2019\/wp-json\/wp\/v2\/users\/1"}],"replies":[{"embeddable":true,"href":"https:\/\/jorgezanoni.com.br\/2019\/wp-json\/wp\/v2\/comments?post=11598"}],"version-history":[{"count":0,"href":"https:\/\/jorgezanoni.com.br\/2019\/wp-json\/wp\/v2\/posts\/11598\/revisions"}],"wp:featuredmedia":[{"embeddable":true,"href":"https:\/\/jorgezanoni.com.br\/2019\/wp-json\/wp\/v2\/media\/11599"}],"wp:attachment":[{"href":"https:\/\/jorgezanoni.com.br\/2019\/wp-json\/wp\/v2\/media?parent=11598"}],"wp:term":[{"taxonomy":"category","embeddable":true,"href":"https:\/\/jorgezanoni.com.br\/2019\/wp-json\/wp\/v2\/categories?post=11598"},{"taxonomy":"post_tag","embeddable":true,"href":"https:\/\/jorgezanoni.com.br\/2019\/wp-json\/wp\/v2\/tags?post=11598"}],"curies":[{"name":"wp","href":"https:\/\/api.w.org\/{rel}","templated":true}]}}